{"id":816,"date":"2018-07-03T12:09:48","date_gmt":"2018-07-03T10:09:48","guid":{"rendered":"http:\/\/juliettepotin.com\/?p=816"},"modified":"2018-09-13T11:55:11","modified_gmt":"2018-09-13T09:55:11","slug":"et-si-vous-arretiez-detre-previsibles","status":"publish","type":"post","link":"https:\/\/juliettepotin.com\/index.php\/2018\/07\/03\/et-si-vous-arretiez-detre-previsibles\/","title":{"rendered":"Et si vous arr\u00eatiez d\u2019\u00eatre pr\u00e9visible\u00a0?"},"content":{"rendered":"<p><span style=\"font-family: verdana, geneva, sans-serif; font-size: 14pt;\">Tous les jours, notre cerveau utilise les connections neurologiques qu\u2019il a cr\u00e9\u00e9es et les active sans qu\u2019on ait besoin d\u2019y penser. Tous ces gestes, ces apprentissages qui se sont imprim\u00e9s en nous \u00e0 force d\u2019\u00eatre r\u00e9p\u00e9t\u00e9s\u00a0: appuyer sur la fonction snooze du r\u00e9veil, finir sa douche par un jet d\u2019eau froide, allumer la radio, presser une orange, se laver les dents, fermer la porte \u00e0 cl\u00e9s, saluer la voisine, prendre le volant. J\u2019ai parfois l\u2019impression de me \u00ab\u00a0r\u00e9veiller\u00a0\u00bb dans ma voiture en r\u00e9alisant que j\u2019\u00e9tais jusque-l\u00e0 en mode pilote automatique\u00a0! Nos r\u00e9actions \u00e9motionnelles aussi se d\u00e9clenchent en r\u00e9f\u00e9rence \u00e0 une ou plusieurs exp\u00e9riences pass\u00e9es : un enfant pousse un soupir en s\u2019asseyant \u00e0 la table du d\u00eener et je sens monter en moi de la col\u00e8re, pensant, par habitude, que le menu ne lui convient pas. On est finalement compl\u00e8tement pr\u00e9visibles\u00a0!<\/span><\/p>\n<p><span style=\"font-family: verdana, geneva, sans-serif; font-size: 14pt;\"><!--more--><\/span><\/p>\n<p><span style=\"font-family: verdana, geneva, sans-serif; font-size: 14pt;\">Vivre \u00e0 l\u2019\u00e9tranger, perdre sa routine, c\u2019est totalement d\u00e9stabilisant. Le cerveau doit cr\u00e9er de nouvelles connections et c\u2019est \u00e9puisant\u00a0!<\/span><\/p>\n<p><span style=\"font-family: verdana, geneva, sans-serif; font-size: 14pt;\">Mais comme on est moins en mode automatique, on vit plus en conscience, de soi et des autres. On peut voir nos enfants ou notre conjoint sous un nouveau jour. On peut se d\u00e9couvrir une nouvelle passion.<\/span><\/p>\n<p><span style=\"font-family: verdana, geneva, sans-serif; font-size: 14pt;\">On peut aussi \u00eatre tent\u00e9 de vite retrouver une routine. C\u2019est finalement assez confortable de naviguer dans des eaux connues. M\u00eame si ce n\u2019est pas forc\u00e9ment l\u2019id\u00e9al, c\u2019est familier donc c\u2019est rassurant.<\/span><\/p>\n<p><span style=\"font-family: verdana, geneva, sans-serif; font-size: 14pt;\">Vivre \u00e0 l\u2019\u00e9tranger m\u2019a personnellement mise devant un choix, que j\u2019avais eu chaque jour de ma vie mais qui m\u2019apparaissait maintenant beaucoup plus clairement\u00a0: est-ce que je veux continuer \u00e0 \u00eatre la personne que j\u2019ai toujours \u00e9t\u00e9, ou est-ce que je veux prendre du recul par rapport \u00e0 mes r\u00e9actions au quart de tour\u00a0? Est-ce que je me recr\u00e9e une routine ici en attendant de retourner dans ma routine fran\u00e7aise, ou est-ce que je d\u00e9cide de m\u2019ouvrir \u00e0 d\u2019autres possibilit\u00e9s\u00a0?<\/span><\/p>\n<p><span style=\"font-family: verdana, geneva, sans-serif; font-size: 14pt;\">Et vous\u00a0? \u00eates-vous aussi souvent en mode automatique ?<\/span><\/p>\n","protected":false},"excerpt":{"rendered":"<p>Tous les jours, notre cerveau utilise les connections neurologiques qu\u2019il a cr\u00e9\u00e9es et les active sans qu\u2019on ait besoin d\u2019y penser. Tous ces gestes, ces apprentissages qui se sont imprim\u00e9s [&hellip;]<\/p>\n","protected":false},"author":1,"featured_media":817,"comment_status":"open","ping_status":"open","sticky":false,"template":"","format":"standard","meta":{"_exactmetrics_skip_tracking":false,"_exactmetrics_sitenote_active":false,"_exactmetrics_sitenote_note":"","_exactmetrics_sitenote_category":0,"footnotes":""},"categories":[29],"tags":[36,41,39,37,38,40],"class_list":["post-816","post","type-post","status-publish","format-standard","has-post-thumbnail","hentry","category-positive-attitude","tag-cerveau","tag-choix","tag-expatriation","tag-mode-automatique","tag-reprogrammer-son-cerveau","tag-routine"],"yoast_head":"<!-- This site is optimized with the Yoast SEO plugin v27.5 - https:\/\/yoast.com\/product\/yoast-seo-wordpress\/ -->\n<title>Et si vous arr\u00eatiez d\u2019\u00eatre pr\u00e9visible\u00a0? - Expat coach<\/title>\n<meta name=\"description\" content=\"J\u2019ai parfois l\u2019impression de me \u00ab\u00a0r\u00e9veiller\u00a0\u00bb dans ma voiture en r\u00e9alisant que j\u2019\u00e9tais jusque-l\u00e0 en mode pilote automatique\u00a0!\" \/>\n<meta name=\"robots\" content=\"index, follow, max-snippet:-1, max-image-preview:large, max-video-preview:-1\" \/>\n<link rel=\"canonical\" href=\"https:\/\/juliettepotin.com\/index.php\/2018\/07\/03\/et-si-vous-arretiez-detre-previsibles\/\" \/>\n<meta property=\"og:locale\" content=\"fr_FR\" \/>\n<meta property=\"og:type\" content=\"article\" \/>\n<meta property=\"og:title\" content=\"Et si vous arr\u00eatiez d\u2019\u00eatre pr\u00e9visible\u00a0? - Expat coach\" \/>\n<meta property=\"og:description\" content=\"J\u2019ai parfois l\u2019impression de me \u00ab\u00a0r\u00e9veiller\u00a0\u00bb dans ma voiture en r\u00e9alisant que j\u2019\u00e9tais jusque-l\u00e0 en mode pilote automatique\u00a0!\" \/>\n<meta property=\"og:url\" content=\"https:\/\/juliettepotin.com\/index.php\/2018\/07\/03\/et-si-vous-arretiez-detre-previsibles\/\" \/>\n<meta property=\"og:site_name\" content=\"Expat coach\" \/>\n<meta property=\"article:publisher\" content=\"https:\/\/www.facebook.com\/PotinJulietteCoach\/\" \/>\n<meta property=\"article:author\" content=\"https:\/\/www.facebook.com\/PotinJulietteCoach\/\" \/>\n<meta property=\"article:published_time\" content=\"2018-07-03T10:09:48+00:00\" \/>\n<meta property=\"article:modified_time\" content=\"2018-09-13T09:55:11+00:00\" \/>\n<meta property=\"og:image\" content=\"https:\/\/juliettepotin.com\/wp-content\/uploads\/2018\/06\/woman-586185_1920.jpg\" \/>\n\t<meta property=\"og:image:width\" content=\"1920\" \/>\n\t<meta property=\"og:image:height\" content=\"1280\" \/>\n\t<meta property=\"og:image:type\" content=\"image\/jpeg\" \/>\n<meta name=\"author\" content=\"Juliette Potin\" \/>\n<meta name=\"twitter:card\" content=\"summary_large_image\" \/>\n<meta name=\"twitter:label1\" content=\"\u00c9crit par\" \/>\n\t<meta name=\"twitter:data1\" content=\"Juliette Potin\" \/>\n\t<meta name=\"twitter:label2\" content=\"Dur\u00e9e de lecture estim\u00e9e\" \/>\n\t<meta name=\"twitter:data2\" content=\"2 minutes\" \/>\n<script type=\"application\/ld+json\" class=\"yoast-schema-graph\">{\"@context\":\"https:\\\/\\\/schema.org\",\"@graph\":[{\"@type\":\"Article\",\"@id\":\"https:\\\/\\\/juliettepotin.com\\\/index.php\\\/2018\\\/07\\\/03\\\/et-si-vous-arretiez-detre-previsibles\\\/#article\",\"isPartOf\":{\"@id\":\"https:\\\/\\\/juliettepotin.com\\\/index.php\\\/2018\\\/07\\\/03\\\/et-si-vous-arretiez-detre-previsibles\\\/\"},\"author\":{\"name\":\"Juliette Potin\",\"@id\":\"https:\\\/\\\/juliettepotin.com\\\/#\\\/schema\\\/person\\\/ce6521de52bc72045131c9ea6e7dea42\"},\"headline\":\"Et si vous arr\u00eatiez d\u2019\u00eatre pr\u00e9visible\u00a0?\",\"datePublished\":\"2018-07-03T10:09:48+00:00\",\"dateModified\":\"2018-09-13T09:55:11+00:00\",\"mainEntityOfPage\":{\"@id\":\"https:\\\/\\\/juliettepotin.com\\\/index.php\\\/2018\\\/07\\\/03\\\/et-si-vous-arretiez-detre-previsibles\\\/\"},\"wordCount\":370,\"commentCount\":0,\"publisher\":{\"@id\":\"https:\\\/\\\/juliettepotin.com\\\/#\\\/schema\\\/person\\\/ce6521de52bc72045131c9ea6e7dea42\"},\"image\":{\"@id\":\"https:\\\/\\\/juliettepotin.com\\\/index.php\\\/2018\\\/07\\\/03\\\/et-si-vous-arretiez-detre-previsibles\\\/#primaryimage\"},\"thumbnailUrl\":\"https:\\\/\\\/juliettepotin.com\\\/wp-content\\\/uploads\\\/2018\\\/06\\\/woman-586185_1920.jpg\",\"keywords\":[\"cerveau\",\"choix\",\"expatriation\",\"mode automatique\",\"reprogrammer son cerveau\",\"routine\"],\"articleSection\":[\"Positive attitude\"],\"inLanguage\":\"fr-FR\",\"potentialAction\":[{\"@type\":\"CommentAction\",\"name\":\"Comment\",\"target\":[\"https:\\\/\\\/juliettepotin.com\\\/index.php\\\/2018\\\/07\\\/03\\\/et-si-vous-arretiez-detre-previsibles\\\/#respond\"]}]},{\"@type\":\"WebPage\",\"@id\":\"https:\\\/\\\/juliettepotin.com\\\/index.php\\\/2018\\\/07\\\/03\\\/et-si-vous-arretiez-detre-previsibles\\\/\",\"url\":\"https:\\\/\\\/juliettepotin.com\\\/index.php\\\/2018\\\/07\\\/03\\\/et-si-vous-arretiez-detre-previsibles\\\/\",\"name\":\"Et si vous arr\u00eatiez d\u2019\u00eatre pr\u00e9visible\u00a0? - Expat coach\",\"isPartOf\":{\"@id\":\"https:\\\/\\\/juliettepotin.com\\\/#website\"},\"primaryImageOfPage\":{\"@id\":\"https:\\\/\\\/juliettepotin.com\\\/index.php\\\/2018\\\/07\\\/03\\\/et-si-vous-arretiez-detre-previsibles\\\/#primaryimage\"},\"image\":{\"@id\":\"https:\\\/\\\/juliettepotin.com\\\/index.php\\\/2018\\\/07\\\/03\\\/et-si-vous-arretiez-detre-previsibles\\\/#primaryimage\"},\"thumbnailUrl\":\"https:\\\/\\\/juliettepotin.com\\\/wp-content\\\/uploads\\\/2018\\\/06\\\/woman-586185_1920.jpg\",\"datePublished\":\"2018-07-03T10:09:48+00:00\",\"dateModified\":\"2018-09-13T09:55:11+00:00\",\"description\":\"J\u2019ai parfois l\u2019impression de me \u00ab\u00a0r\u00e9veiller\u00a0\u00bb dans ma voiture en r\u00e9alisant que j\u2019\u00e9tais jusque-l\u00e0 en mode pilote automatique\u00a0!\",\"breadcrumb\":{\"@id\":\"https:\\\/\\\/juliettepotin.com\\\/index.php\\\/2018\\\/07\\\/03\\\/et-si-vous-arretiez-detre-previsibles\\\/#breadcrumb\"},\"inLanguage\":\"fr-FR\",\"potentialAction\":[{\"@type\":\"ReadAction\",\"target\":[\"https:\\\/\\\/juliettepotin.com\\\/index.php\\\/2018\\\/07\\\/03\\\/et-si-vous-arretiez-detre-previsibles\\\/\"]}]},{\"@type\":\"ImageObject\",\"inLanguage\":\"fr-FR\",\"@id\":\"https:\\\/\\\/juliettepotin.com\\\/index.php\\\/2018\\\/07\\\/03\\\/et-si-vous-arretiez-detre-previsibles\\\/#primaryimage\",\"url\":\"https:\\\/\\\/juliettepotin.com\\\/wp-content\\\/uploads\\\/2018\\\/06\\\/woman-586185_1920.jpg\",\"contentUrl\":\"https:\\\/\\\/juliettepotin.com\\\/wp-content\\\/uploads\\\/2018\\\/06\\\/woman-586185_1920.jpg\",\"width\":1920,\"height\":1280},{\"@type\":\"BreadcrumbList\",\"@id\":\"https:\\\/\\\/juliettepotin.com\\\/index.php\\\/2018\\\/07\\\/03\\\/et-si-vous-arretiez-detre-previsibles\\\/#breadcrumb\",\"itemListElement\":[{\"@type\":\"ListItem\",\"position\":1,\"name\":\"Home\",\"item\":\"https:\\\/\\\/juliettepotin.com\\\/\"},{\"@type\":\"ListItem\",\"position\":2,\"name\":\"Et si vous arr\u00eatiez d\u2019\u00eatre pr\u00e9visible\u00a0?\"}]},{\"@type\":\"WebSite\",\"@id\":\"https:\\\/\\\/juliettepotin.com\\\/#website\",\"url\":\"https:\\\/\\\/juliettepotin.com\\\/\",\"name\":\"Expat coach\",\"description\":\"The start of a new YOU\",\"publisher\":{\"@id\":\"https:\\\/\\\/juliettepotin.com\\\/#\\\/schema\\\/person\\\/ce6521de52bc72045131c9ea6e7dea42\"},\"potentialAction\":[{\"@type\":\"SearchAction\",\"target\":{\"@type\":\"EntryPoint\",\"urlTemplate\":\"https:\\\/\\\/juliettepotin.com\\\/?s={search_term_string}\"},\"query-input\":{\"@type\":\"PropertyValueSpecification\",\"valueRequired\":true,\"valueName\":\"search_term_string\"}}],\"inLanguage\":\"fr-FR\"},{\"@type\":[\"Person\",\"Organization\"],\"@id\":\"https:\\\/\\\/juliettepotin.com\\\/#\\\/schema\\\/person\\\/ce6521de52bc72045131c9ea6e7dea42\",\"name\":\"Juliette Potin\",\"image\":{\"@type\":\"ImageObject\",\"inLanguage\":\"fr-FR\",\"@id\":\"https:\\\/\\\/juliettepotin.com\\\/wp-content\\\/uploads\\\/2023\\\/01\\\/22006D7C-5B64-4226-B2A7-B43CE0FB4C0F_1_201_a-970x1024.png\",\"url\":\"https:\\\/\\\/juliettepotin.com\\\/wp-content\\\/uploads\\\/2023\\\/01\\\/22006D7C-5B64-4226-B2A7-B43CE0FB4C0F_1_201_a-970x1024.png\",\"contentUrl\":\"https:\\\/\\\/juliettepotin.com\\\/wp-content\\\/uploads\\\/2023\\\/01\\\/22006D7C-5B64-4226-B2A7-B43CE0FB4C0F_1_201_a-970x1024.png\",\"width\":970,\"height\":1024,\"caption\":\"Juliette Potin\"},\"logo\":{\"@id\":\"https:\\\/\\\/juliettepotin.com\\\/wp-content\\\/uploads\\\/2023\\\/01\\\/22006D7C-5B64-4226-B2A7-B43CE0FB4C0F_1_201_a-970x1024.png\"},\"description\":\"Je suis Juliette Potin, coach professionnelle depuis 2018. J'ai v\u00e9cu plusieurs ann\u00e9es \u00e0 l'\u00e9tranger,notamment aux Etats-Unis o\u00f9 je me retrouve \u00e0 la maison apr\u00e8s 15 ans de postes \u00e0 responsabilit\u00e9 dans l'industrie. L'exp\u00e9rience de ne plus pouvoir me d\u00e9finir par mon statut social est d\u00e9stabilisante, celle d'avoir du temps devant moi : vertigineuse! Petit \u00e0 petit, en me reconnectant \u00e0 moi-m\u00eame et \u00e0 mes aspirations, je me suis autoris\u00e9e \u00e0 me r\u00e9-inventer. Aujourd'hui de retour en France, j'accompagne les personnes qui ont un temps mis leur carri\u00e8re entre parenth\u00e8ses, \u00e0 reprendre confiance, r\u00e9v\u00e9ler leurs talents et suivre leurs \u00e9lans pour (re)trouver une activit\u00e9 pro align\u00e9e avec qui elles sont.\",\"sameAs\":[\"https:\\\/\\\/www.facebook.com\\\/PotinJulietteCoach\\\/\",\"https:\\\/\\\/www.linkedin.com\\\/in\\\/juliette-potin-expat-coach\\\/\"]}]}<\/script>\n<!-- \/ Yoast SEO plugin. -->","yoast_head_json":{"title":"Et si vous arr\u00eatiez d\u2019\u00eatre pr\u00e9visible\u00a0? - Expat coach","description":"J\u2019ai parfois l\u2019impression de me \u00ab\u00a0r\u00e9veiller\u00a0\u00bb dans ma voiture en r\u00e9alisant que j\u2019\u00e9tais jusque-l\u00e0 en mode pilote automatique\u00a0!","robots":{"index":"index","follow":"follow","max-snippet":"max-snippet:-1","max-image-preview":"max-image-preview:large","max-video-preview":"max-video-preview:-1"},"canonical":"https:\/\/juliettepotin.com\/index.php\/2018\/07\/03\/et-si-vous-arretiez-detre-previsibles\/","og_locale":"fr_FR","og_type":"article","og_title":"Et si vous arr\u00eatiez d\u2019\u00eatre pr\u00e9visible\u00a0? - Expat coach","og_description":"J\u2019ai parfois l\u2019impression de me \u00ab\u00a0r\u00e9veiller\u00a0\u00bb dans ma voiture en r\u00e9alisant que j\u2019\u00e9tais jusque-l\u00e0 en mode pilote automatique\u00a0!","og_url":"https:\/\/juliettepotin.com\/index.php\/2018\/07\/03\/et-si-vous-arretiez-detre-previsibles\/","og_site_name":"Expat coach","article_publisher":"https:\/\/www.facebook.com\/PotinJulietteCoach\/","article_author":"https:\/\/www.facebook.com\/PotinJulietteCoach\/","article_published_time":"2018-07-03T10:09:48+00:00","article_modified_time":"2018-09-13T09:55:11+00:00","og_image":[{"width":1920,"height":1280,"url":"https:\/\/juliettepotin.com\/wp-content\/uploads\/2018\/06\/woman-586185_1920.jpg","type":"image\/jpeg"}],"author":"Juliette Potin","twitter_card":"summary_large_image","twitter_misc":{"\u00c9crit par":"Juliette Potin","Dur\u00e9e de lecture estim\u00e9e":"2 minutes"},"schema":{"@context":"https:\/\/schema.org","@graph":[{"@type":"Article","@id":"https:\/\/juliettepotin.com\/index.php\/2018\/07\/03\/et-si-vous-arretiez-detre-previsibles\/#article","isPartOf":{"@id":"https:\/\/juliettepotin.com\/index.php\/2018\/07\/03\/et-si-vous-arretiez-detre-previsibles\/"},"author":{"name":"Juliette Potin","@id":"https:\/\/juliettepotin.com\/#\/schema\/person\/ce6521de52bc72045131c9ea6e7dea42"},"headline":"Et si vous arr\u00eatiez d\u2019\u00eatre pr\u00e9visible\u00a0?","datePublished":"2018-07-03T10:09:48+00:00","dateModified":"2018-09-13T09:55:11+00:00","mainEntityOfPage":{"@id":"https:\/\/juliettepotin.com\/index.php\/2018\/07\/03\/et-si-vous-arretiez-detre-previsibles\/"},"wordCount":370,"commentCount":0,"publisher":{"@id":"https:\/\/juliettepotin.com\/#\/schema\/person\/ce6521de52bc72045131c9ea6e7dea42"},"image":{"@id":"https:\/\/juliettepotin.com\/index.php\/2018\/07\/03\/et-si-vous-arretiez-detre-previsibles\/#primaryimage"},"thumbnailUrl":"https:\/\/juliettepotin.com\/wp-content\/uploads\/2018\/06\/woman-586185_1920.jpg","keywords":["cerveau","choix","expatriation","mode automatique","reprogrammer son cerveau","routine"],"articleSection":["Positive attitude"],"inLanguage":"fr-FR","potentialAction":[{"@type":"CommentAction","name":"Comment","target":["https:\/\/juliettepotin.com\/index.php\/2018\/07\/03\/et-si-vous-arretiez-detre-previsibles\/#respond"]}]},{"@type":"WebPage","@id":"https:\/\/juliettepotin.com\/index.php\/2018\/07\/03\/et-si-vous-arretiez-detre-previsibles\/","url":"https:\/\/juliettepotin.com\/index.php\/2018\/07\/03\/et-si-vous-arretiez-detre-previsibles\/","name":"Et si vous arr\u00eatiez d\u2019\u00eatre pr\u00e9visible\u00a0? - Expat coach","isPartOf":{"@id":"https:\/\/juliettepotin.com\/#website"},"primaryImageOfPage":{"@id":"https:\/\/juliettepotin.com\/index.php\/2018\/07\/03\/et-si-vous-arretiez-detre-previsibles\/#primaryimage"},"image":{"@id":"https:\/\/juliettepotin.com\/index.php\/2018\/07\/03\/et-si-vous-arretiez-detre-previsibles\/#primaryimage"},"thumbnailUrl":"https:\/\/juliettepotin.com\/wp-content\/uploads\/2018\/06\/woman-586185_1920.jpg","datePublished":"2018-07-03T10:09:48+00:00","dateModified":"2018-09-13T09:55:11+00:00","description":"J\u2019ai parfois l\u2019impression de me \u00ab\u00a0r\u00e9veiller\u00a0\u00bb dans ma voiture en r\u00e9alisant que j\u2019\u00e9tais jusque-l\u00e0 en mode pilote automatique\u00a0!","breadcrumb":{"@id":"https:\/\/juliettepotin.com\/index.php\/2018\/07\/03\/et-si-vous-arretiez-detre-previsibles\/#breadcrumb"},"inLanguage":"fr-FR","potentialAction":[{"@type":"ReadAction","target":["https:\/\/juliettepotin.com\/index.php\/2018\/07\/03\/et-si-vous-arretiez-detre-previsibles\/"]}]},{"@type":"ImageObject","inLanguage":"fr-FR","@id":"https:\/\/juliettepotin.com\/index.php\/2018\/07\/03\/et-si-vous-arretiez-detre-previsibles\/#primaryimage","url":"https:\/\/juliettepotin.com\/wp-content\/uploads\/2018\/06\/woman-586185_1920.jpg","contentUrl":"https:\/\/juliettepotin.com\/wp-content\/uploads\/2018\/06\/woman-586185_1920.jpg","width":1920,"height":1280},{"@type":"BreadcrumbList","@id":"https:\/\/juliettepotin.com\/index.php\/2018\/07\/03\/et-si-vous-arretiez-detre-previsibles\/#breadcrumb","itemListElement":[{"@type":"ListItem","position":1,"name":"Home","item":"https:\/\/juliettepotin.com\/"},{"@type":"ListItem","position":2,"name":"Et si vous arr\u00eatiez d\u2019\u00eatre pr\u00e9visible\u00a0?"}]},{"@type":"WebSite","@id":"https:\/\/juliettepotin.com\/#website","url":"https:\/\/juliettepotin.com\/","name":"Expat coach","description":"The start of a new YOU","publisher":{"@id":"https:\/\/juliettepotin.com\/#\/schema\/person\/ce6521de52bc72045131c9ea6e7dea42"},"potentialAction":[{"@type":"SearchAction","target":{"@type":"EntryPoint","urlTemplate":"https:\/\/juliettepotin.com\/?s={search_term_string}"},"query-input":{"@type":"PropertyValueSpecification","valueRequired":true,"valueName":"search_term_string"}}],"inLanguage":"fr-FR"},{"@type":["Person","Organization"],"@id":"https:\/\/juliettepotin.com\/#\/schema\/person\/ce6521de52bc72045131c9ea6e7dea42","name":"Juliette Potin","image":{"@type":"ImageObject","inLanguage":"fr-FR","@id":"https:\/\/juliettepotin.com\/wp-content\/uploads\/2023\/01\/22006D7C-5B64-4226-B2A7-B43CE0FB4C0F_1_201_a-970x1024.png","url":"https:\/\/juliettepotin.com\/wp-content\/uploads\/2023\/01\/22006D7C-5B64-4226-B2A7-B43CE0FB4C0F_1_201_a-970x1024.png","contentUrl":"https:\/\/juliettepotin.com\/wp-content\/uploads\/2023\/01\/22006D7C-5B64-4226-B2A7-B43CE0FB4C0F_1_201_a-970x1024.png","width":970,"height":1024,"caption":"Juliette Potin"},"logo":{"@id":"https:\/\/juliettepotin.com\/wp-content\/uploads\/2023\/01\/22006D7C-5B64-4226-B2A7-B43CE0FB4C0F_1_201_a-970x1024.png"},"description":"Je suis Juliette Potin, coach professionnelle depuis 2018. J'ai v\u00e9cu plusieurs ann\u00e9es \u00e0 l'\u00e9tranger,notamment aux Etats-Unis o\u00f9 je me retrouve \u00e0 la maison apr\u00e8s 15 ans de postes \u00e0 responsabilit\u00e9 dans l'industrie. L'exp\u00e9rience de ne plus pouvoir me d\u00e9finir par mon statut social est d\u00e9stabilisante, celle d'avoir du temps devant moi : vertigineuse! Petit \u00e0 petit, en me reconnectant \u00e0 moi-m\u00eame et \u00e0 mes aspirations, je me suis autoris\u00e9e \u00e0 me r\u00e9-inventer. Aujourd'hui de retour en France, j'accompagne les personnes qui ont un temps mis leur carri\u00e8re entre parenth\u00e8ses, \u00e0 reprendre confiance, r\u00e9v\u00e9ler leurs talents et suivre leurs \u00e9lans pour (re)trouver une activit\u00e9 pro align\u00e9e avec qui elles sont.","sameAs":["https:\/\/www.facebook.com\/PotinJulietteCoach\/","https:\/\/www.linkedin.com\/in\/juliette-potin-expat-coach\/"]}]}},"_links":{"self":[{"href":"https:\/\/juliettepotin.com\/index.php\/wp-json\/wp\/v2\/posts\/816","targetHints":{"allow":["GET"]}}],"collection":[{"href":"https:\/\/juliettepotin.com\/index.php\/wp-json\/wp\/v2\/posts"}],"about":[{"href":"https:\/\/juliettepotin.com\/index.php\/wp-json\/wp\/v2\/types\/post"}],"author":[{"embeddable":true,"href":"https:\/\/juliettepotin.com\/index.php\/wp-json\/wp\/v2\/users\/1"}],"replies":[{"embeddable":true,"href":"https:\/\/juliettepotin.com\/index.php\/wp-json\/wp\/v2\/comments?post=816"}],"version-history":[{"count":0,"href":"https:\/\/juliettepotin.com\/index.php\/wp-json\/wp\/v2\/posts\/816\/revisions"}],"wp:featuredmedia":[{"embeddable":true,"href":"https:\/\/juliettepotin.com\/index.php\/wp-json\/wp\/v2\/media\/817"}],"wp:attachment":[{"href":"https:\/\/juliettepotin.com\/index.php\/wp-json\/wp\/v2\/media?parent=816"}],"wp:term":[{"taxonomy":"category","embeddable":true,"href":"https:\/\/juliettepotin.com\/index.php\/wp-json\/wp\/v2\/categories?post=816"},{"taxonomy":"post_tag","embeddable":true,"href":"https:\/\/juliettepotin.com\/index.php\/wp-json\/wp\/v2\/tags?post=816"}],"curies":[{"name":"wp","href":"https:\/\/api.w.org\/{rel}","templated":true}]}}