{"id":649,"date":"2018-05-29T10:36:29","date_gmt":"2018-05-29T08:36:29","guid":{"rendered":"http:\/\/juliettepotin.com\/?p=649"},"modified":"2023-11-15T14:19:51","modified_gmt":"2023-11-15T13:19:51","slug":"je-me-sens-fragile-comment-ne-pas-sombrer-dans-la-depression-en-expat","status":"publish","type":"post","link":"https:\/\/juliettepotin.com\/index.php\/2018\/05\/29\/je-me-sens-fragile-comment-ne-pas-sombrer-dans-la-depression-en-expat\/","title":{"rendered":"Je me sens fragile"},"content":{"rendered":"<p><span style=\"font-family: verdana, geneva, sans-serif; font-size: 14pt;\">Je vous ai d\u00e9j\u00e0 racont\u00e9 le jour ou j\u2019ai emmen\u00e9 mes enfants \u00e0 l\u2019\u00e9cole en pyjama&#8230; et o\u00f9 je me suis recouch\u00e9e apr\u00e8s ?\u00a0<\/span><span style=\"font-family: verdana, geneva, sans-serif; font-size: 14pt;\">J\u2019ai toujours eu une bonne r\u00e9sistance au stress. J\u2019avais un poste \u00e0 responsabilit\u00e9 dans l\u2019industrie, une \u00e9quipe de 20 bonhommes. J\u2019ai men\u00e9 des entretiens de recrutement et des entretiens de recadrage. J\u2019ai subi du harc\u00e8lement moral, des clients tyranniques, des semaines de d\u00e9placements \u00e9puisantes et pourtant, je n\u2019ai jamais flanch\u00e9\u00a0!<\/span><span style=\"font-family: verdana, geneva, sans-serif; font-size: 14pt;\"> Et puis, un jour, en expatriation, j&rsquo;ai r\u00e9alis\u00e9 que je me sentais extr\u00eamement fragile. J&rsquo;ai r\u00e9alis\u00e9 que cette carapace que je croyais avoir \u00e9tait compl\u00e8tement fissur\u00e9e.<\/span><span style=\"font-family: verdana, geneva, sans-serif; font-size: 14pt;\"><!--more--><\/span><\/p>\n<p><span style=\"font-family: verdana, geneva, sans-serif; font-size: 14pt;\">Effectivement, j\u2019avais les larmes aux yeux face \u00e0 la standardiste de l\u2019\u00e9cole des enfants me demandant comment je trouvais le pays&#8230; Je piquais un fard devant l\u2019h\u00f4tesse de caisse du supermarch\u00e9 ne comprenant pas sa question apr\u00e8s lui avoir fait r\u00e9p\u00e9ter 3 fois. Et je fondais en larmes le soir dans le canap\u00e9, devant mon mari m\u00e9dus\u00e9 et bien emb\u00eat\u00e9. Qu\u2019est ce qui s\u2019\u00e9tait pass\u00e9\u00a0? <\/span><\/p>\n<p><span style=\"font-family: verdana, geneva, sans-serif; font-size: 14pt;\">Pour moi cela n&rsquo;avais aucune explication rationnelle. J\u2019\u00e9tais sinc\u00e8rement heureuse. J\u2019avais choisi cette expatriation et j\u2019avais choisi de ne pas travailler pour profiter des enfants et faciliter l\u2019adaptation de toute la famille. <\/span><\/p>\n<p><span style=\"font-family: verdana, geneva, sans-serif; font-size: 14pt;\">Mais je me sentais vide. Loin de mes anciens coll\u00e8gues, amis, famille pour me renvoyer l\u2019image de la femme forte que j\u2019\u00e9tais, je me sentais nulle et inutile. Et puis j&rsquo;avais honte d&rsquo;\u00eatre si fragile. Je ne me reconnaissais plus. Je ne savais plus tr\u00e8s bien qui j\u2019\u00e9tais d\u2019ailleurs.\u00a0<\/span><\/p>\n<p><span style=\"font-family: verdana, geneva, sans-serif; font-size: 14pt;\">Voici ce qui m\u2019a aid\u00e9\u00a0:<\/span><\/p>\n<h4><span style=\"font-family: verdana, geneva, sans-serif; font-size: 14pt;\"><strong>Accepter l\u2019id\u00e9e que je ne vais pas bien.\u00a0<\/strong><\/span><\/h4>\n<p><span style=\"font-family: verdana, geneva, sans-serif; font-size: 14pt;\">C\u2019est le plus difficile \u00e0 admettre. Quand j\u2019ai avou\u00e9 \u00e0 une maman de l\u2019\u00e9cole que j\u2019avais envie de me recoucher le matin une fois les enfants partis. Elle m\u2019a dit\u00a0: \u00ab\u00a0tu d\u00e9primes\u00a0\u00bb. J\u2019ai dit\u00a0: \u00ab\u00a0mais non, pas du tout, tout va bien, j\u2019ai connu pire\u00a0\u00bb mais \u00e7a sonnait faux. Accepter l\u2019id\u00e9e qu\u2019on ne va pas bien m\u00eame si on culpabilise \u00e0 l\u2019\u00e9vocation de cette m\u00eame id\u00e9e, c\u2019est le premier pas pour s\u2019en sortir. Parce que si on l\u2019admet, on peut envisager des solutions.<\/span><\/p>\n<h4><span style=\"font-family: verdana, geneva, sans-serif; font-size: 14pt;\"><strong>Mettre dans mes journ\u00e9es des choses qui me donnent de l&rsquo;\u00e9nergie.<\/strong>\u00a0<\/span><\/h4>\n<p><span style=\"font-family: verdana, geneva, sans-serif; font-size: 14pt;\">Cela n\u2019a pas du tout \u00e9t\u00e9 \u00e9vident pour moi au d\u00e9part parce que \u00e7a faisait bien longtemps que je ne m\u2019\u00e9tais pas pos\u00e9 la question de ce qui me faisait du bien et ce qui me donnait de l\u2019\u00e9nergie. Mais petit \u00e0 petit, j\u2019ai trouv\u00e9\u00a0: organiser des d\u00e9jeuners avec des personnes que j&rsquo;avais envie de mieux conna\u00eetre, aller marcher sur l\u2019Appalachian Trail, rendre service \u00e0 l\u2019\u00e9cole, suivre des cours de civilisation am\u00e9ricaine\u2026<\/span><\/p>\n<h4><span style=\"font-family: verdana, geneva, sans-serif; font-size: 14pt;\"><strong>Comprendre ce qui se passe et que c\u2019est une \u00e9tape.\u00a0<\/strong><\/span><\/h4>\n<p><span style=\"font-family: verdana, geneva, sans-serif; font-size: 14pt;\">Se renseigner sur la <a href=\"https:\/\/juliettepotin.com\/index.php\/2018\/05\/22\/non-ce-nest-pas-le-choc-culturel\/\">courbe du choc culturel \/ deuil de sa vie<\/a> d&rsquo;avant. Parce qu\u2019en fait, on passe tous par l\u00e0! et on se sent moins honteux quand on comprend que c\u2019est normal et presqu\u2019un passage oblig\u00e9.<\/span><\/p>\n<h4><span style=\"font-family: verdana, geneva, sans-serif; font-size: 14pt;\"><strong>Me faire aider.\u00a0<\/strong><\/span><\/h4>\n<p><span style=\"font-family: verdana, geneva, sans-serif; font-size: 14pt;\">Ce qui m\u2019a sauv\u00e9 c\u2019est de pouvoir \u00e9changer avec mon amie su\u00e9doise qui vivait la m\u00eame chose que moi, qui avait elle aussi quitt\u00e9 son statut de femme active pour suivre son mari et ne vivait pas super bien de se retrouver \u00e0 la maison. Pas toujours \u00e9vident de se confier \u00e0 nos amis ou famille rest\u00e9s en France. Ils ne comprennent pas ce qu\u2019on traverse et tentent de nous faire voir le bon c\u00f4t\u00e9 des choses, nous renvoyant alors \u00e0 notre culpabilit\u00e9. Si vous n\u2019avez pas d\u2019amie \u00e0 qui vous confier sur place, n\u2019h\u00e9sitez pas \u00e0 faire appel \u00e0 un psychologue ou un <a href=\"https:\/\/juliettepotin.com\/index.php\/faites-de-votre-experience-a-letranger-le-tournant-de-votre-vie\/seance-gratuite-dexploration\/\">coach<\/a>.<\/span><\/p>\n<h4><span style=\"font-family: verdana, geneva, sans-serif; font-size: 14pt;\"><strong>Apprendre \u00e0 <a href=\"https:\/\/juliettepotin.com\/index.php\/2019\/03\/14\/en-froid-avec-ses-emotions\/\">accueillir mes \u00e9motions<\/a>.\u00a0<\/strong><\/span><\/h4>\n<p><span style=\"font-family: verdana, geneva, sans-serif; font-size: 14pt;\">Je savais d\u00e9j\u00e0 avant de partir que <a href=\"https:\/\/juliettepotin.com\/index.php\/2021\/10\/07\/lhypersensibilite-cadeau-ou-fardeau\/\">j\u2019\u00e9tais une grande sensible<\/a>. Je crois que l\u2019expatriation a mis \u00e0 nu la fragilit\u00e9 que j\u2019avais si bien r\u00e9ussi \u00e0 camoufler jusque-l\u00e0. Ce fut l\u2019opportunit\u00e9 de commencer un travail sur moi, pour accepter ces \u00e9motions envahissantes et en faire des alli\u00e9es et non des ennemis.<\/span><\/p>\n<p><span style=\"font-family: verdana, geneva, sans-serif; font-size: 14pt;\">Et vous, vous sentez vous plus fragile en ce moment ?<\/span><\/p>\n\n","protected":false},"excerpt":{"rendered":"<p>Je vous ai d\u00e9j\u00e0 racont\u00e9 le jour ou j\u2019ai emmen\u00e9 mes enfants \u00e0 l\u2019\u00e9cole en pyjama&#8230; et o\u00f9 je me suis recouch\u00e9e apr\u00e8s ?\u00a0J\u2019ai toujours eu une bonne r\u00e9sistance au [&hellip;]<\/p>\n","protected":false},"author":1,"featured_media":650,"comment_status":"open","ping_status":"open","sticky":false,"template":"","format":"standard","meta":{"_exactmetrics_skip_tracking":false,"_exactmetrics_sitenote_active":false,"_exactmetrics_sitenote_note":"","_exactmetrics_sitenote_category":0,"footnotes":""},"categories":[33,63],"tags":[9,14,55,13,18,60,56],"class_list":["post-649","post","type-post","status-publish","format-standard","has-post-thumbnail","hentry","category-expat","category-trouver-ma-voie","tag-choc-culturel","tag-deprime","tag-emotions","tag-expat","tag-fragile","tag-pensees","tag-serenite"],"yoast_head":"<!-- This site is optimized with the Yoast SEO plugin v27.5 - https:\/\/yoast.com\/product\/yoast-seo-wordpress\/ -->\n<title>Je me sens fragile - Expat coach - Trouver ma voie<\/title>\n<meta name=\"description\" content=\"Et puis, un jour, en expatriation, j&#039;ai r\u00e9alis\u00e9 que je me sentais extr\u00eamement fragile. Que ma carapace \u00e9tait compl\u00e8tement fissur\u00e9e.\" \/>\n<meta name=\"robots\" content=\"index, follow, max-snippet:-1, max-image-preview:large, max-video-preview:-1\" \/>\n<link rel=\"canonical\" href=\"https:\/\/juliettepotin.com\/index.php\/2018\/05\/29\/je-me-sens-fragile-comment-ne-pas-sombrer-dans-la-depression-en-expat\/\" \/>\n<meta property=\"og:locale\" content=\"fr_FR\" \/>\n<meta property=\"og:type\" content=\"article\" \/>\n<meta property=\"og:title\" content=\"Je me sens fragile - Expat coach - Trouver ma voie\" \/>\n<meta property=\"og:description\" content=\"Et puis, un jour, en expatriation, j&#039;ai r\u00e9alis\u00e9 que je me sentais extr\u00eamement fragile. Que ma carapace \u00e9tait compl\u00e8tement fissur\u00e9e.\" \/>\n<meta property=\"og:url\" content=\"https:\/\/juliettepotin.com\/index.php\/2018\/05\/29\/je-me-sens-fragile-comment-ne-pas-sombrer-dans-la-depression-en-expat\/\" \/>\n<meta property=\"og:site_name\" content=\"Expat coach\" \/>\n<meta property=\"article:publisher\" content=\"https:\/\/www.facebook.com\/PotinJulietteCoach\/\" \/>\n<meta property=\"article:author\" content=\"https:\/\/www.facebook.com\/PotinJulietteCoach\/\" \/>\n<meta property=\"article:published_time\" content=\"2018-05-29T08:36:29+00:00\" \/>\n<meta property=\"article:modified_time\" content=\"2023-11-15T13:19:51+00:00\" \/>\n<meta property=\"og:image\" content=\"https:\/\/juliettepotin.com\/wp-content\/uploads\/2018\/05\/IMG_1550-1024x768.jpg\" \/>\n\t<meta property=\"og:image:width\" content=\"1024\" \/>\n\t<meta property=\"og:image:height\" content=\"768\" \/>\n\t<meta property=\"og:image:type\" content=\"image\/jpeg\" \/>\n<meta name=\"author\" content=\"Juliette Potin\" \/>\n<meta name=\"twitter:card\" content=\"summary_large_image\" \/>\n<meta name=\"twitter:label1\" content=\"\u00c9crit par\" \/>\n\t<meta name=\"twitter:data1\" content=\"Juliette Potin\" \/>\n\t<meta name=\"twitter:label2\" content=\"Dur\u00e9e de lecture estim\u00e9e\" \/>\n\t<meta name=\"twitter:data2\" content=\"4 minutes\" \/>\n<script type=\"application\/ld+json\" class=\"yoast-schema-graph\">{\"@context\":\"https:\\\/\\\/schema.org\",\"@graph\":[{\"@type\":\"Article\",\"@id\":\"https:\\\/\\\/juliettepotin.com\\\/index.php\\\/2018\\\/05\\\/29\\\/je-me-sens-fragile-comment-ne-pas-sombrer-dans-la-depression-en-expat\\\/#article\",\"isPartOf\":{\"@id\":\"https:\\\/\\\/juliettepotin.com\\\/index.php\\\/2018\\\/05\\\/29\\\/je-me-sens-fragile-comment-ne-pas-sombrer-dans-la-depression-en-expat\\\/\"},\"author\":{\"name\":\"Juliette Potin\",\"@id\":\"https:\\\/\\\/juliettepotin.com\\\/#\\\/schema\\\/person\\\/ce6521de52bc72045131c9ea6e7dea42\"},\"headline\":\"Je me sens fragile\",\"datePublished\":\"2018-05-29T08:36:29+00:00\",\"dateModified\":\"2023-11-15T13:19:51+00:00\",\"mainEntityOfPage\":{\"@id\":\"https:\\\/\\\/juliettepotin.com\\\/index.php\\\/2018\\\/05\\\/29\\\/je-me-sens-fragile-comment-ne-pas-sombrer-dans-la-depression-en-expat\\\/\"},\"wordCount\":734,\"commentCount\":0,\"publisher\":{\"@id\":\"https:\\\/\\\/juliettepotin.com\\\/#\\\/schema\\\/person\\\/ce6521de52bc72045131c9ea6e7dea42\"},\"image\":{\"@id\":\"https:\\\/\\\/juliettepotin.com\\\/index.php\\\/2018\\\/05\\\/29\\\/je-me-sens-fragile-comment-ne-pas-sombrer-dans-la-depression-en-expat\\\/#primaryimage\"},\"thumbnailUrl\":\"https:\\\/\\\/juliettepotin.com\\\/wp-content\\\/uploads\\\/2018\\\/05\\\/IMG_1550.jpg\",\"keywords\":[\"choc culturel\",\"d\u00e9prime\",\"\u00e9motions\",\"expat\",\"fragile\",\"pens\u00e9es\",\"s\u00e9r\u00e9nit\u00e9\"],\"articleSection\":[\"Expat\",\"Trouver ma voie\"],\"inLanguage\":\"fr-FR\",\"potentialAction\":[{\"@type\":\"CommentAction\",\"name\":\"Comment\",\"target\":[\"https:\\\/\\\/juliettepotin.com\\\/index.php\\\/2018\\\/05\\\/29\\\/je-me-sens-fragile-comment-ne-pas-sombrer-dans-la-depression-en-expat\\\/#respond\"]}]},{\"@type\":\"WebPage\",\"@id\":\"https:\\\/\\\/juliettepotin.com\\\/index.php\\\/2018\\\/05\\\/29\\\/je-me-sens-fragile-comment-ne-pas-sombrer-dans-la-depression-en-expat\\\/\",\"url\":\"https:\\\/\\\/juliettepotin.com\\\/index.php\\\/2018\\\/05\\\/29\\\/je-me-sens-fragile-comment-ne-pas-sombrer-dans-la-depression-en-expat\\\/\",\"name\":\"Je me sens fragile - Expat coach - Trouver ma voie\",\"isPartOf\":{\"@id\":\"https:\\\/\\\/juliettepotin.com\\\/#website\"},\"primaryImageOfPage\":{\"@id\":\"https:\\\/\\\/juliettepotin.com\\\/index.php\\\/2018\\\/05\\\/29\\\/je-me-sens-fragile-comment-ne-pas-sombrer-dans-la-depression-en-expat\\\/#primaryimage\"},\"image\":{\"@id\":\"https:\\\/\\\/juliettepotin.com\\\/index.php\\\/2018\\\/05\\\/29\\\/je-me-sens-fragile-comment-ne-pas-sombrer-dans-la-depression-en-expat\\\/#primaryimage\"},\"thumbnailUrl\":\"https:\\\/\\\/juliettepotin.com\\\/wp-content\\\/uploads\\\/2018\\\/05\\\/IMG_1550.jpg\",\"datePublished\":\"2018-05-29T08:36:29+00:00\",\"dateModified\":\"2023-11-15T13:19:51+00:00\",\"description\":\"Et puis, un jour, en expatriation, j'ai r\u00e9alis\u00e9 que je me sentais extr\u00eamement fragile. Que ma carapace \u00e9tait compl\u00e8tement fissur\u00e9e.\",\"breadcrumb\":{\"@id\":\"https:\\\/\\\/juliettepotin.com\\\/index.php\\\/2018\\\/05\\\/29\\\/je-me-sens-fragile-comment-ne-pas-sombrer-dans-la-depression-en-expat\\\/#breadcrumb\"},\"inLanguage\":\"fr-FR\",\"potentialAction\":[{\"@type\":\"ReadAction\",\"target\":[\"https:\\\/\\\/juliettepotin.com\\\/index.php\\\/2018\\\/05\\\/29\\\/je-me-sens-fragile-comment-ne-pas-sombrer-dans-la-depression-en-expat\\\/\"]}]},{\"@type\":\"ImageObject\",\"inLanguage\":\"fr-FR\",\"@id\":\"https:\\\/\\\/juliettepotin.com\\\/index.php\\\/2018\\\/05\\\/29\\\/je-me-sens-fragile-comment-ne-pas-sombrer-dans-la-depression-en-expat\\\/#primaryimage\",\"url\":\"https:\\\/\\\/juliettepotin.com\\\/wp-content\\\/uploads\\\/2018\\\/05\\\/IMG_1550.jpg\",\"contentUrl\":\"https:\\\/\\\/juliettepotin.com\\\/wp-content\\\/uploads\\\/2018\\\/05\\\/IMG_1550.jpg\",\"width\":3264,\"height\":2448,\"caption\":\"fragile en expat\"},{\"@type\":\"BreadcrumbList\",\"@id\":\"https:\\\/\\\/juliettepotin.com\\\/index.php\\\/2018\\\/05\\\/29\\\/je-me-sens-fragile-comment-ne-pas-sombrer-dans-la-depression-en-expat\\\/#breadcrumb\",\"itemListElement\":[{\"@type\":\"ListItem\",\"position\":1,\"name\":\"Home\",\"item\":\"https:\\\/\\\/juliettepotin.com\\\/\"},{\"@type\":\"ListItem\",\"position\":2,\"name\":\"Je me sens fragile\"}]},{\"@type\":\"WebSite\",\"@id\":\"https:\\\/\\\/juliettepotin.com\\\/#website\",\"url\":\"https:\\\/\\\/juliettepotin.com\\\/\",\"name\":\"Expat coach\",\"description\":\"The start of a new YOU\",\"publisher\":{\"@id\":\"https:\\\/\\\/juliettepotin.com\\\/#\\\/schema\\\/person\\\/ce6521de52bc72045131c9ea6e7dea42\"},\"potentialAction\":[{\"@type\":\"SearchAction\",\"target\":{\"@type\":\"EntryPoint\",\"urlTemplate\":\"https:\\\/\\\/juliettepotin.com\\\/?s={search_term_string}\"},\"query-input\":{\"@type\":\"PropertyValueSpecification\",\"valueRequired\":true,\"valueName\":\"search_term_string\"}}],\"inLanguage\":\"fr-FR\"},{\"@type\":[\"Person\",\"Organization\"],\"@id\":\"https:\\\/\\\/juliettepotin.com\\\/#\\\/schema\\\/person\\\/ce6521de52bc72045131c9ea6e7dea42\",\"name\":\"Juliette Potin\",\"image\":{\"@type\":\"ImageObject\",\"inLanguage\":\"fr-FR\",\"@id\":\"https:\\\/\\\/juliettepotin.com\\\/wp-content\\\/uploads\\\/2023\\\/01\\\/22006D7C-5B64-4226-B2A7-B43CE0FB4C0F_1_201_a-970x1024.png\",\"url\":\"https:\\\/\\\/juliettepotin.com\\\/wp-content\\\/uploads\\\/2023\\\/01\\\/22006D7C-5B64-4226-B2A7-B43CE0FB4C0F_1_201_a-970x1024.png\",\"contentUrl\":\"https:\\\/\\\/juliettepotin.com\\\/wp-content\\\/uploads\\\/2023\\\/01\\\/22006D7C-5B64-4226-B2A7-B43CE0FB4C0F_1_201_a-970x1024.png\",\"width\":970,\"height\":1024,\"caption\":\"Juliette Potin\"},\"logo\":{\"@id\":\"https:\\\/\\\/juliettepotin.com\\\/wp-content\\\/uploads\\\/2023\\\/01\\\/22006D7C-5B64-4226-B2A7-B43CE0FB4C0F_1_201_a-970x1024.png\"},\"description\":\"Je suis Juliette Potin, coach professionnelle depuis 2018. J'ai v\u00e9cu plusieurs ann\u00e9es \u00e0 l'\u00e9tranger,notamment aux Etats-Unis o\u00f9 je me retrouve \u00e0 la maison apr\u00e8s 15 ans de postes \u00e0 responsabilit\u00e9 dans l'industrie. L'exp\u00e9rience de ne plus pouvoir me d\u00e9finir par mon statut social est d\u00e9stabilisante, celle d'avoir du temps devant moi : vertigineuse! Petit \u00e0 petit, en me reconnectant \u00e0 moi-m\u00eame et \u00e0 mes aspirations, je me suis autoris\u00e9e \u00e0 me r\u00e9-inventer. Aujourd'hui de retour en France, j'accompagne les personnes qui ont un temps mis leur carri\u00e8re entre parenth\u00e8ses, \u00e0 reprendre confiance, r\u00e9v\u00e9ler leurs talents et suivre leurs \u00e9lans pour (re)trouver une activit\u00e9 pro align\u00e9e avec qui elles sont.\",\"sameAs\":[\"https:\\\/\\\/www.facebook.com\\\/PotinJulietteCoach\\\/\",\"https:\\\/\\\/www.linkedin.com\\\/in\\\/juliette-potin-expat-coach\\\/\"]}]}<\/script>\n<!-- \/ Yoast SEO plugin. -->","yoast_head_json":{"title":"Je me sens fragile - Expat coach - Trouver ma voie","description":"Et puis, un jour, en expatriation, j'ai r\u00e9alis\u00e9 que je me sentais extr\u00eamement fragile. Que ma carapace \u00e9tait compl\u00e8tement fissur\u00e9e.","robots":{"index":"index","follow":"follow","max-snippet":"max-snippet:-1","max-image-preview":"max-image-preview:large","max-video-preview":"max-video-preview:-1"},"canonical":"https:\/\/juliettepotin.com\/index.php\/2018\/05\/29\/je-me-sens-fragile-comment-ne-pas-sombrer-dans-la-depression-en-expat\/","og_locale":"fr_FR","og_type":"article","og_title":"Je me sens fragile - Expat coach - Trouver ma voie","og_description":"Et puis, un jour, en expatriation, j'ai r\u00e9alis\u00e9 que je me sentais extr\u00eamement fragile. Que ma carapace \u00e9tait compl\u00e8tement fissur\u00e9e.","og_url":"https:\/\/juliettepotin.com\/index.php\/2018\/05\/29\/je-me-sens-fragile-comment-ne-pas-sombrer-dans-la-depression-en-expat\/","og_site_name":"Expat coach","article_publisher":"https:\/\/www.facebook.com\/PotinJulietteCoach\/","article_author":"https:\/\/www.facebook.com\/PotinJulietteCoach\/","article_published_time":"2018-05-29T08:36:29+00:00","article_modified_time":"2023-11-15T13:19:51+00:00","og_image":[{"width":1024,"height":768,"url":"https:\/\/juliettepotin.com\/wp-content\/uploads\/2018\/05\/IMG_1550-1024x768.jpg","type":"image\/jpeg"}],"author":"Juliette Potin","twitter_card":"summary_large_image","twitter_misc":{"\u00c9crit par":"Juliette Potin","Dur\u00e9e de lecture estim\u00e9e":"4 minutes"},"schema":{"@context":"https:\/\/schema.org","@graph":[{"@type":"Article","@id":"https:\/\/juliettepotin.com\/index.php\/2018\/05\/29\/je-me-sens-fragile-comment-ne-pas-sombrer-dans-la-depression-en-expat\/#article","isPartOf":{"@id":"https:\/\/juliettepotin.com\/index.php\/2018\/05\/29\/je-me-sens-fragile-comment-ne-pas-sombrer-dans-la-depression-en-expat\/"},"author":{"name":"Juliette Potin","@id":"https:\/\/juliettepotin.com\/#\/schema\/person\/ce6521de52bc72045131c9ea6e7dea42"},"headline":"Je me sens fragile","datePublished":"2018-05-29T08:36:29+00:00","dateModified":"2023-11-15T13:19:51+00:00","mainEntityOfPage":{"@id":"https:\/\/juliettepotin.com\/index.php\/2018\/05\/29\/je-me-sens-fragile-comment-ne-pas-sombrer-dans-la-depression-en-expat\/"},"wordCount":734,"commentCount":0,"publisher":{"@id":"https:\/\/juliettepotin.com\/#\/schema\/person\/ce6521de52bc72045131c9ea6e7dea42"},"image":{"@id":"https:\/\/juliettepotin.com\/index.php\/2018\/05\/29\/je-me-sens-fragile-comment-ne-pas-sombrer-dans-la-depression-en-expat\/#primaryimage"},"thumbnailUrl":"https:\/\/juliettepotin.com\/wp-content\/uploads\/2018\/05\/IMG_1550.jpg","keywords":["choc culturel","d\u00e9prime","\u00e9motions","expat","fragile","pens\u00e9es","s\u00e9r\u00e9nit\u00e9"],"articleSection":["Expat","Trouver ma voie"],"inLanguage":"fr-FR","potentialAction":[{"@type":"CommentAction","name":"Comment","target":["https:\/\/juliettepotin.com\/index.php\/2018\/05\/29\/je-me-sens-fragile-comment-ne-pas-sombrer-dans-la-depression-en-expat\/#respond"]}]},{"@type":"WebPage","@id":"https:\/\/juliettepotin.com\/index.php\/2018\/05\/29\/je-me-sens-fragile-comment-ne-pas-sombrer-dans-la-depression-en-expat\/","url":"https:\/\/juliettepotin.com\/index.php\/2018\/05\/29\/je-me-sens-fragile-comment-ne-pas-sombrer-dans-la-depression-en-expat\/","name":"Je me sens fragile - Expat coach - Trouver ma voie","isPartOf":{"@id":"https:\/\/juliettepotin.com\/#website"},"primaryImageOfPage":{"@id":"https:\/\/juliettepotin.com\/index.php\/2018\/05\/29\/je-me-sens-fragile-comment-ne-pas-sombrer-dans-la-depression-en-expat\/#primaryimage"},"image":{"@id":"https:\/\/juliettepotin.com\/index.php\/2018\/05\/29\/je-me-sens-fragile-comment-ne-pas-sombrer-dans-la-depression-en-expat\/#primaryimage"},"thumbnailUrl":"https:\/\/juliettepotin.com\/wp-content\/uploads\/2018\/05\/IMG_1550.jpg","datePublished":"2018-05-29T08:36:29+00:00","dateModified":"2023-11-15T13:19:51+00:00","description":"Et puis, un jour, en expatriation, j'ai r\u00e9alis\u00e9 que je me sentais extr\u00eamement fragile. Que ma carapace \u00e9tait compl\u00e8tement fissur\u00e9e.","breadcrumb":{"@id":"https:\/\/juliettepotin.com\/index.php\/2018\/05\/29\/je-me-sens-fragile-comment-ne-pas-sombrer-dans-la-depression-en-expat\/#breadcrumb"},"inLanguage":"fr-FR","potentialAction":[{"@type":"ReadAction","target":["https:\/\/juliettepotin.com\/index.php\/2018\/05\/29\/je-me-sens-fragile-comment-ne-pas-sombrer-dans-la-depression-en-expat\/"]}]},{"@type":"ImageObject","inLanguage":"fr-FR","@id":"https:\/\/juliettepotin.com\/index.php\/2018\/05\/29\/je-me-sens-fragile-comment-ne-pas-sombrer-dans-la-depression-en-expat\/#primaryimage","url":"https:\/\/juliettepotin.com\/wp-content\/uploads\/2018\/05\/IMG_1550.jpg","contentUrl":"https:\/\/juliettepotin.com\/wp-content\/uploads\/2018\/05\/IMG_1550.jpg","width":3264,"height":2448,"caption":"fragile en expat"},{"@type":"BreadcrumbList","@id":"https:\/\/juliettepotin.com\/index.php\/2018\/05\/29\/je-me-sens-fragile-comment-ne-pas-sombrer-dans-la-depression-en-expat\/#breadcrumb","itemListElement":[{"@type":"ListItem","position":1,"name":"Home","item":"https:\/\/juliettepotin.com\/"},{"@type":"ListItem","position":2,"name":"Je me sens fragile"}]},{"@type":"WebSite","@id":"https:\/\/juliettepotin.com\/#website","url":"https:\/\/juliettepotin.com\/","name":"Expat coach","description":"The start of a new YOU","publisher":{"@id":"https:\/\/juliettepotin.com\/#\/schema\/person\/ce6521de52bc72045131c9ea6e7dea42"},"potentialAction":[{"@type":"SearchAction","target":{"@type":"EntryPoint","urlTemplate":"https:\/\/juliettepotin.com\/?s={search_term_string}"},"query-input":{"@type":"PropertyValueSpecification","valueRequired":true,"valueName":"search_term_string"}}],"inLanguage":"fr-FR"},{"@type":["Person","Organization"],"@id":"https:\/\/juliettepotin.com\/#\/schema\/person\/ce6521de52bc72045131c9ea6e7dea42","name":"Juliette Potin","image":{"@type":"ImageObject","inLanguage":"fr-FR","@id":"https:\/\/juliettepotin.com\/wp-content\/uploads\/2023\/01\/22006D7C-5B64-4226-B2A7-B43CE0FB4C0F_1_201_a-970x1024.png","url":"https:\/\/juliettepotin.com\/wp-content\/uploads\/2023\/01\/22006D7C-5B64-4226-B2A7-B43CE0FB4C0F_1_201_a-970x1024.png","contentUrl":"https:\/\/juliettepotin.com\/wp-content\/uploads\/2023\/01\/22006D7C-5B64-4226-B2A7-B43CE0FB4C0F_1_201_a-970x1024.png","width":970,"height":1024,"caption":"Juliette Potin"},"logo":{"@id":"https:\/\/juliettepotin.com\/wp-content\/uploads\/2023\/01\/22006D7C-5B64-4226-B2A7-B43CE0FB4C0F_1_201_a-970x1024.png"},"description":"Je suis Juliette Potin, coach professionnelle depuis 2018. J'ai v\u00e9cu plusieurs ann\u00e9es \u00e0 l'\u00e9tranger,notamment aux Etats-Unis o\u00f9 je me retrouve \u00e0 la maison apr\u00e8s 15 ans de postes \u00e0 responsabilit\u00e9 dans l'industrie. L'exp\u00e9rience de ne plus pouvoir me d\u00e9finir par mon statut social est d\u00e9stabilisante, celle d'avoir du temps devant moi : vertigineuse! Petit \u00e0 petit, en me reconnectant \u00e0 moi-m\u00eame et \u00e0 mes aspirations, je me suis autoris\u00e9e \u00e0 me r\u00e9-inventer. Aujourd'hui de retour en France, j'accompagne les personnes qui ont un temps mis leur carri\u00e8re entre parenth\u00e8ses, \u00e0 reprendre confiance, r\u00e9v\u00e9ler leurs talents et suivre leurs \u00e9lans pour (re)trouver une activit\u00e9 pro align\u00e9e avec qui elles sont.","sameAs":["https:\/\/www.facebook.com\/PotinJulietteCoach\/","https:\/\/www.linkedin.com\/in\/juliette-potin-expat-coach\/"]}]}},"_links":{"self":[{"href":"https:\/\/juliettepotin.com\/index.php\/wp-json\/wp\/v2\/posts\/649","targetHints":{"allow":["GET"]}}],"collection":[{"href":"https:\/\/juliettepotin.com\/index.php\/wp-json\/wp\/v2\/posts"}],"about":[{"href":"https:\/\/juliettepotin.com\/index.php\/wp-json\/wp\/v2\/types\/post"}],"author":[{"embeddable":true,"href":"https:\/\/juliettepotin.com\/index.php\/wp-json\/wp\/v2\/users\/1"}],"replies":[{"embeddable":true,"href":"https:\/\/juliettepotin.com\/index.php\/wp-json\/wp\/v2\/comments?post=649"}],"version-history":[{"count":0,"href":"https:\/\/juliettepotin.com\/index.php\/wp-json\/wp\/v2\/posts\/649\/revisions"}],"wp:featuredmedia":[{"embeddable":true,"href":"https:\/\/juliettepotin.com\/index.php\/wp-json\/wp\/v2\/media\/650"}],"wp:attachment":[{"href":"https:\/\/juliettepotin.com\/index.php\/wp-json\/wp\/v2\/media?parent=649"}],"wp:term":[{"taxonomy":"category","embeddable":true,"href":"https:\/\/juliettepotin.com\/index.php\/wp-json\/wp\/v2\/categories?post=649"},{"taxonomy":"post_tag","embeddable":true,"href":"https:\/\/juliettepotin.com\/index.php\/wp-json\/wp\/v2\/tags?post=649"}],"curies":[{"name":"wp","href":"https:\/\/api.w.org\/{rel}","templated":true}]}}