{"id":3425,"date":"2023-09-11T13:37:00","date_gmt":"2023-09-11T11:37:00","guid":{"rendered":"https:\/\/juliettepotin.com\/?p=3425"},"modified":"2023-10-04T13:44:25","modified_gmt":"2023-10-04T11:44:25","slug":"le-jour-ou-ma-frustration-de-ne-pas-travailler-a-explose","status":"publish","type":"post","link":"https:\/\/juliettepotin.com\/index.php\/2023\/09\/11\/le-jour-ou-ma-frustration-de-ne-pas-travailler-a-explose\/","title":{"rendered":"Le jour o\u00f9 ma frustration de ne pas travailler a explos\u00e9\u2026"},"content":{"rendered":"\n<p>Toutes les 6 semaines aux Etats-Unis, les horaires des activit\u00e9s extra-scolaires changeaient et je me pliais en 4 pour accompagner l\u2019un au foot, l\u2019autre aux pom pom girls, le 3e \u00e0 la piscine.\u00a0Apr\u00e8s, je calais mes activit\u00e9s\u00a0: randonn\u00e9e, caf\u00e9s, b\u00e9n\u00e9volat.\u00a0Ben ouais, je ne travaillais pas.\u00a0A chaque rentr\u00e9e, ma frustration de ne pas travailler gonflait comme un ballon.<!--more--><\/p>\n<p>Frustration de ne pas avoir une activit\u00e9 qui prenne plus de place, qui n\u00e9cessiterait que les autres s\u2019adaptent et pas tout le temps moi.\ud83d\ude44<\/p>\n<p>Ce jour l\u00e0, ma frustration a explos\u00e9.<\/p>\n<p>Face \u00e0 mon mari qui se plaignait de sa journ\u00e9e de travail, je lui ai dit\u00a0: \u00ab\u00a0j\u2019en peux plus, je veux ton job!\ud83d\ude31\u00a0\u00bb<\/p>\n<p>Moi aussi je voulais avoir des probl\u00e8mes \u00e0 r\u00e9soudre, des coll\u00e8gues p\u00e9nibles et des deadlines stressantes\u00a0!<\/p>\n<p>Qu\u2019il prenne ma place, je prenais la sienne\u00a0!\ud83d\ude09<\/p>\n<p>Mais je ne pouvais pas. J\u2019avais toujours des contraintes insurmontables : petit dernier non scolaris\u00e9, co\u00fbt de garde exorbitants, visa expirant quelques mois plus tard\u2026<\/p>\n<p>Je croyais que mon insatisfaction venait de toutes ces contraintes ext\u00e9rieures qui m\u2019emp\u00eachaient de travailler.<\/p>\n<p>En r\u00e9alit\u00e9, ma frustration venait du fait que je n\u2019avais pas de vision de ce que je voulais faire.<\/p>\n<p>Et que j\u2019avais beau avoir besoin d\u2019une activit\u00e9, je n\u2019avais aucun enthousiasme \u00e0 chercher du travail.<\/p>\n<p>J\u2019\u00e9tais focalis\u00e9e sur l\u2019ext\u00e9rieur. Mais d\u00e9connect\u00e9e de l\u2019int\u00e9rieur.<\/p>\n<p>Quand vous vous reconnectez \u00e0 vous-m\u00eame\u00a0: vos envies, vos talents et votre intuition, vous retrouvez progressivement de la clart\u00e9 et de l\u2019\u00e9lan. L\u2019\u00e9nergie revient. Des pistes et des solutions apparaissent. Jusqu\u2019\u00e0 devenir inarr\u00eatable\u00a0!<\/p>\n<p>Effectivement, quelques mois plus tard, mon projet clarifi\u00e9 et mon \u00e9lan retrouv\u00e9, je trouvais des solutions pour les enfants\u00a0! (et oui ils sont m\u00eame rentr\u00e9s \u00e0 pied sous la pluie\u00a0! \ud83d\ude09)<\/p>\n<p>Si chez vous aussi, la frustration d\u00e9borde et que vous aspirez \u00e0 un <a href=\"https:\/\/juliettepotin.com\/index.php\/faites-de-votre-experience-a-letranger-le-tournant-de-votre-vie\/programme-trouver-sa-voie\/\">projet qui fasse sens pour vous<\/a>, <a href=\"https:\/\/juliettepotin.com\/index.php\/faites-de-votre-experience-a-letranger-le-tournant-de-votre-vie\/seance-gratuite-dexploration\/\">prenons RDV<\/a> !<\/p>\n","protected":false},"excerpt":{"rendered":"<p>Toutes les 6 semaines aux Etats-Unis, les horaires des activit\u00e9s extra-scolaires changeaient et je me pliais en 4 pour accompagner l\u2019un au foot, l\u2019autre aux pom pom girls, le 3e [&hellip;]<\/p>\n","protected":false},"author":1,"featured_media":3427,"comment_status":"open","ping_status":"open","sticky":false,"template":"","format":"standard","meta":{"_exactmetrics_skip_tracking":false,"_exactmetrics_sitenote_active":false,"_exactmetrics_sitenote_note":"","_exactmetrics_sitenote_category":0,"footnotes":""},"categories":[197,63],"tags":[],"class_list":["post-3425","post","type-post","status-publish","format-standard","has-post-thumbnail","hentry","category-equilibre-vie-pro-vie-perso","category-trouver-ma-voie"],"yoast_head":"<!-- This site is optimized with the Yoast SEO plugin v27.5 - https:\/\/yoast.com\/product\/yoast-seo-wordpress\/ -->\n<title>Le jour o\u00f9 ma frustration de ne pas travailler a explos\u00e9\u2026 - Expat coach<\/title>\n<meta name=\"description\" content=\"Je croyais que mon insatisfaction \u00e0 ne pas travailler venait de toutes ces contraintes ext\u00e9rieures qui m\u2019emp\u00eachaient de le faire.\" \/>\n<meta name=\"robots\" content=\"index, follow, max-snippet:-1, max-image-preview:large, max-video-preview:-1\" \/>\n<link rel=\"canonical\" href=\"https:\/\/juliettepotin.com\/index.php\/2023\/09\/11\/le-jour-ou-ma-frustration-de-ne-pas-travailler-a-explose\/\" \/>\n<meta property=\"og:locale\" content=\"fr_FR\" \/>\n<meta property=\"og:type\" content=\"article\" \/>\n<meta property=\"og:title\" content=\"Le jour o\u00f9 ma frustration de ne pas travailler a explos\u00e9\u2026 - Expat coach\" \/>\n<meta property=\"og:description\" content=\"Je croyais que mon insatisfaction \u00e0 ne pas travailler venait de toutes ces contraintes ext\u00e9rieures qui m\u2019emp\u00eachaient de le faire.\" \/>\n<meta property=\"og:url\" content=\"https:\/\/juliettepotin.com\/index.php\/2023\/09\/11\/le-jour-ou-ma-frustration-de-ne-pas-travailler-a-explose\/\" \/>\n<meta property=\"og:site_name\" content=\"Expat coach\" \/>\n<meta property=\"article:publisher\" content=\"https:\/\/www.facebook.com\/PotinJulietteCoach\/\" \/>\n<meta property=\"article:author\" content=\"https:\/\/www.facebook.com\/PotinJulietteCoach\/\" \/>\n<meta property=\"article:published_time\" content=\"2023-09-11T11:37:00+00:00\" \/>\n<meta property=\"article:modified_time\" content=\"2023-10-04T11:44:25+00:00\" \/>\n<meta property=\"og:image\" content=\"https:\/\/juliettepotin.com\/wp-content\/uploads\/2023\/10\/JuliettePotin_expatcoach_frustration-1024x684.jpg\" \/>\n\t<meta property=\"og:image:width\" content=\"1024\" \/>\n\t<meta property=\"og:image:height\" content=\"684\" \/>\n\t<meta property=\"og:image:type\" content=\"image\/jpeg\" \/>\n<meta name=\"author\" content=\"Juliette Potin\" \/>\n<meta name=\"twitter:card\" content=\"summary_large_image\" \/>\n<meta name=\"twitter:label1\" content=\"\u00c9crit par\" \/>\n\t<meta name=\"twitter:data1\" content=\"Juliette Potin\" \/>\n\t<meta name=\"twitter:label2\" content=\"Dur\u00e9e de lecture estim\u00e9e\" \/>\n\t<meta name=\"twitter:data2\" content=\"2 minutes\" \/>\n<script type=\"application\/ld+json\" class=\"yoast-schema-graph\">{\"@context\":\"https:\\\/\\\/schema.org\",\"@graph\":[{\"@type\":\"Article\",\"@id\":\"https:\\\/\\\/juliettepotin.com\\\/index.php\\\/2023\\\/09\\\/11\\\/le-jour-ou-ma-frustration-de-ne-pas-travailler-a-explose\\\/#article\",\"isPartOf\":{\"@id\":\"https:\\\/\\\/juliettepotin.com\\\/index.php\\\/2023\\\/09\\\/11\\\/le-jour-ou-ma-frustration-de-ne-pas-travailler-a-explose\\\/\"},\"author\":{\"name\":\"Juliette Potin\",\"@id\":\"https:\\\/\\\/juliettepotin.com\\\/#\\\/schema\\\/person\\\/ce6521de52bc72045131c9ea6e7dea42\"},\"headline\":\"Le jour o\u00f9 ma frustration de ne pas travailler a explos\u00e9\u2026\",\"datePublished\":\"2023-09-11T11:37:00+00:00\",\"dateModified\":\"2023-10-04T11:44:25+00:00\",\"mainEntityOfPage\":{\"@id\":\"https:\\\/\\\/juliettepotin.com\\\/index.php\\\/2023\\\/09\\\/11\\\/le-jour-ou-ma-frustration-de-ne-pas-travailler-a-explose\\\/\"},\"wordCount\":350,\"commentCount\":0,\"publisher\":{\"@id\":\"https:\\\/\\\/juliettepotin.com\\\/#\\\/schema\\\/person\\\/ce6521de52bc72045131c9ea6e7dea42\"},\"image\":{\"@id\":\"https:\\\/\\\/juliettepotin.com\\\/index.php\\\/2023\\\/09\\\/11\\\/le-jour-ou-ma-frustration-de-ne-pas-travailler-a-explose\\\/#primaryimage\"},\"thumbnailUrl\":\"https:\\\/\\\/juliettepotin.com\\\/wp-content\\\/uploads\\\/2023\\\/10\\\/JuliettePotin_expatcoach_frustration.jpg\",\"articleSection\":[\"Equilibre vie pro vie perso\",\"Trouver ma voie\"],\"inLanguage\":\"fr-FR\",\"potentialAction\":[{\"@type\":\"CommentAction\",\"name\":\"Comment\",\"target\":[\"https:\\\/\\\/juliettepotin.com\\\/index.php\\\/2023\\\/09\\\/11\\\/le-jour-ou-ma-frustration-de-ne-pas-travailler-a-explose\\\/#respond\"]}]},{\"@type\":\"WebPage\",\"@id\":\"https:\\\/\\\/juliettepotin.com\\\/index.php\\\/2023\\\/09\\\/11\\\/le-jour-ou-ma-frustration-de-ne-pas-travailler-a-explose\\\/\",\"url\":\"https:\\\/\\\/juliettepotin.com\\\/index.php\\\/2023\\\/09\\\/11\\\/le-jour-ou-ma-frustration-de-ne-pas-travailler-a-explose\\\/\",\"name\":\"Le jour o\u00f9 ma frustration de ne pas travailler a explos\u00e9\u2026 - Expat coach\",\"isPartOf\":{\"@id\":\"https:\\\/\\\/juliettepotin.com\\\/#website\"},\"primaryImageOfPage\":{\"@id\":\"https:\\\/\\\/juliettepotin.com\\\/index.php\\\/2023\\\/09\\\/11\\\/le-jour-ou-ma-frustration-de-ne-pas-travailler-a-explose\\\/#primaryimage\"},\"image\":{\"@id\":\"https:\\\/\\\/juliettepotin.com\\\/index.php\\\/2023\\\/09\\\/11\\\/le-jour-ou-ma-frustration-de-ne-pas-travailler-a-explose\\\/#primaryimage\"},\"thumbnailUrl\":\"https:\\\/\\\/juliettepotin.com\\\/wp-content\\\/uploads\\\/2023\\\/10\\\/JuliettePotin_expatcoach_frustration.jpg\",\"datePublished\":\"2023-09-11T11:37:00+00:00\",\"dateModified\":\"2023-10-04T11:44:25+00:00\",\"description\":\"Je croyais que mon insatisfaction \u00e0 ne pas travailler venait de toutes ces contraintes ext\u00e9rieures qui m\u2019emp\u00eachaient de le faire.\",\"breadcrumb\":{\"@id\":\"https:\\\/\\\/juliettepotin.com\\\/index.php\\\/2023\\\/09\\\/11\\\/le-jour-ou-ma-frustration-de-ne-pas-travailler-a-explose\\\/#breadcrumb\"},\"inLanguage\":\"fr-FR\",\"potentialAction\":[{\"@type\":\"ReadAction\",\"target\":[\"https:\\\/\\\/juliettepotin.com\\\/index.php\\\/2023\\\/09\\\/11\\\/le-jour-ou-ma-frustration-de-ne-pas-travailler-a-explose\\\/\"]}]},{\"@type\":\"ImageObject\",\"inLanguage\":\"fr-FR\",\"@id\":\"https:\\\/\\\/juliettepotin.com\\\/index.php\\\/2023\\\/09\\\/11\\\/le-jour-ou-ma-frustration-de-ne-pas-travailler-a-explose\\\/#primaryimage\",\"url\":\"https:\\\/\\\/juliettepotin.com\\\/wp-content\\\/uploads\\\/2023\\\/10\\\/JuliettePotin_expatcoach_frustration.jpg\",\"contentUrl\":\"https:\\\/\\\/juliettepotin.com\\\/wp-content\\\/uploads\\\/2023\\\/10\\\/JuliettePotin_expatcoach_frustration.jpg\",\"width\":4862,\"height\":3246,\"caption\":\"pr\u00eat \u00e0 \u00e9clater\"},{\"@type\":\"BreadcrumbList\",\"@id\":\"https:\\\/\\\/juliettepotin.com\\\/index.php\\\/2023\\\/09\\\/11\\\/le-jour-ou-ma-frustration-de-ne-pas-travailler-a-explose\\\/#breadcrumb\",\"itemListElement\":[{\"@type\":\"ListItem\",\"position\":1,\"name\":\"Home\",\"item\":\"https:\\\/\\\/juliettepotin.com\\\/\"},{\"@type\":\"ListItem\",\"position\":2,\"name\":\"Le jour o\u00f9 ma frustration de ne pas travailler a explos\u00e9\u2026\"}]},{\"@type\":\"WebSite\",\"@id\":\"https:\\\/\\\/juliettepotin.com\\\/#website\",\"url\":\"https:\\\/\\\/juliettepotin.com\\\/\",\"name\":\"Expat coach\",\"description\":\"The start of a new YOU\",\"publisher\":{\"@id\":\"https:\\\/\\\/juliettepotin.com\\\/#\\\/schema\\\/person\\\/ce6521de52bc72045131c9ea6e7dea42\"},\"potentialAction\":[{\"@type\":\"SearchAction\",\"target\":{\"@type\":\"EntryPoint\",\"urlTemplate\":\"https:\\\/\\\/juliettepotin.com\\\/?s={search_term_string}\"},\"query-input\":{\"@type\":\"PropertyValueSpecification\",\"valueRequired\":true,\"valueName\":\"search_term_string\"}}],\"inLanguage\":\"fr-FR\"},{\"@type\":[\"Person\",\"Organization\"],\"@id\":\"https:\\\/\\\/juliettepotin.com\\\/#\\\/schema\\\/person\\\/ce6521de52bc72045131c9ea6e7dea42\",\"name\":\"Juliette Potin\",\"image\":{\"@type\":\"ImageObject\",\"inLanguage\":\"fr-FR\",\"@id\":\"https:\\\/\\\/juliettepotin.com\\\/wp-content\\\/uploads\\\/2023\\\/01\\\/22006D7C-5B64-4226-B2A7-B43CE0FB4C0F_1_201_a-970x1024.png\",\"url\":\"https:\\\/\\\/juliettepotin.com\\\/wp-content\\\/uploads\\\/2023\\\/01\\\/22006D7C-5B64-4226-B2A7-B43CE0FB4C0F_1_201_a-970x1024.png\",\"contentUrl\":\"https:\\\/\\\/juliettepotin.com\\\/wp-content\\\/uploads\\\/2023\\\/01\\\/22006D7C-5B64-4226-B2A7-B43CE0FB4C0F_1_201_a-970x1024.png\",\"width\":970,\"height\":1024,\"caption\":\"Juliette Potin\"},\"logo\":{\"@id\":\"https:\\\/\\\/juliettepotin.com\\\/wp-content\\\/uploads\\\/2023\\\/01\\\/22006D7C-5B64-4226-B2A7-B43CE0FB4C0F_1_201_a-970x1024.png\"},\"description\":\"Je suis Juliette Potin, coach professionnelle depuis 2018. J'ai v\u00e9cu plusieurs ann\u00e9es \u00e0 l'\u00e9tranger,notamment aux Etats-Unis o\u00f9 je me retrouve \u00e0 la maison apr\u00e8s 15 ans de postes \u00e0 responsabilit\u00e9 dans l'industrie. L'exp\u00e9rience de ne plus pouvoir me d\u00e9finir par mon statut social est d\u00e9stabilisante, celle d'avoir du temps devant moi : vertigineuse! Petit \u00e0 petit, en me reconnectant \u00e0 moi-m\u00eame et \u00e0 mes aspirations, je me suis autoris\u00e9e \u00e0 me r\u00e9-inventer. Aujourd'hui de retour en France, j'accompagne les personnes qui ont un temps mis leur carri\u00e8re entre parenth\u00e8ses, \u00e0 reprendre confiance, r\u00e9v\u00e9ler leurs talents et suivre leurs \u00e9lans pour (re)trouver une activit\u00e9 pro align\u00e9e avec qui elles sont.\",\"sameAs\":[\"https:\\\/\\\/www.facebook.com\\\/PotinJulietteCoach\\\/\",\"https:\\\/\\\/www.linkedin.com\\\/in\\\/juliette-potin-expat-coach\\\/\"]}]}<\/script>\n<!-- \/ Yoast SEO plugin. -->","yoast_head_json":{"title":"Le jour o\u00f9 ma frustration de ne pas travailler a explos\u00e9\u2026 - Expat coach","description":"Je croyais que mon insatisfaction \u00e0 ne pas travailler venait de toutes ces contraintes ext\u00e9rieures qui m\u2019emp\u00eachaient de le faire.","robots":{"index":"index","follow":"follow","max-snippet":"max-snippet:-1","max-image-preview":"max-image-preview:large","max-video-preview":"max-video-preview:-1"},"canonical":"https:\/\/juliettepotin.com\/index.php\/2023\/09\/11\/le-jour-ou-ma-frustration-de-ne-pas-travailler-a-explose\/","og_locale":"fr_FR","og_type":"article","og_title":"Le jour o\u00f9 ma frustration de ne pas travailler a explos\u00e9\u2026 - Expat coach","og_description":"Je croyais que mon insatisfaction \u00e0 ne pas travailler venait de toutes ces contraintes ext\u00e9rieures qui m\u2019emp\u00eachaient de le faire.","og_url":"https:\/\/juliettepotin.com\/index.php\/2023\/09\/11\/le-jour-ou-ma-frustration-de-ne-pas-travailler-a-explose\/","og_site_name":"Expat coach","article_publisher":"https:\/\/www.facebook.com\/PotinJulietteCoach\/","article_author":"https:\/\/www.facebook.com\/PotinJulietteCoach\/","article_published_time":"2023-09-11T11:37:00+00:00","article_modified_time":"2023-10-04T11:44:25+00:00","og_image":[{"width":1024,"height":684,"url":"https:\/\/juliettepotin.com\/wp-content\/uploads\/2023\/10\/JuliettePotin_expatcoach_frustration-1024x684.jpg","type":"image\/jpeg"}],"author":"Juliette Potin","twitter_card":"summary_large_image","twitter_misc":{"\u00c9crit par":"Juliette Potin","Dur\u00e9e de lecture estim\u00e9e":"2 minutes"},"schema":{"@context":"https:\/\/schema.org","@graph":[{"@type":"Article","@id":"https:\/\/juliettepotin.com\/index.php\/2023\/09\/11\/le-jour-ou-ma-frustration-de-ne-pas-travailler-a-explose\/#article","isPartOf":{"@id":"https:\/\/juliettepotin.com\/index.php\/2023\/09\/11\/le-jour-ou-ma-frustration-de-ne-pas-travailler-a-explose\/"},"author":{"name":"Juliette Potin","@id":"https:\/\/juliettepotin.com\/#\/schema\/person\/ce6521de52bc72045131c9ea6e7dea42"},"headline":"Le jour o\u00f9 ma frustration de ne pas travailler a explos\u00e9\u2026","datePublished":"2023-09-11T11:37:00+00:00","dateModified":"2023-10-04T11:44:25+00:00","mainEntityOfPage":{"@id":"https:\/\/juliettepotin.com\/index.php\/2023\/09\/11\/le-jour-ou-ma-frustration-de-ne-pas-travailler-a-explose\/"},"wordCount":350,"commentCount":0,"publisher":{"@id":"https:\/\/juliettepotin.com\/#\/schema\/person\/ce6521de52bc72045131c9ea6e7dea42"},"image":{"@id":"https:\/\/juliettepotin.com\/index.php\/2023\/09\/11\/le-jour-ou-ma-frustration-de-ne-pas-travailler-a-explose\/#primaryimage"},"thumbnailUrl":"https:\/\/juliettepotin.com\/wp-content\/uploads\/2023\/10\/JuliettePotin_expatcoach_frustration.jpg","articleSection":["Equilibre vie pro vie perso","Trouver ma voie"],"inLanguage":"fr-FR","potentialAction":[{"@type":"CommentAction","name":"Comment","target":["https:\/\/juliettepotin.com\/index.php\/2023\/09\/11\/le-jour-ou-ma-frustration-de-ne-pas-travailler-a-explose\/#respond"]}]},{"@type":"WebPage","@id":"https:\/\/juliettepotin.com\/index.php\/2023\/09\/11\/le-jour-ou-ma-frustration-de-ne-pas-travailler-a-explose\/","url":"https:\/\/juliettepotin.com\/index.php\/2023\/09\/11\/le-jour-ou-ma-frustration-de-ne-pas-travailler-a-explose\/","name":"Le jour o\u00f9 ma frustration de ne pas travailler a explos\u00e9\u2026 - Expat coach","isPartOf":{"@id":"https:\/\/juliettepotin.com\/#website"},"primaryImageOfPage":{"@id":"https:\/\/juliettepotin.com\/index.php\/2023\/09\/11\/le-jour-ou-ma-frustration-de-ne-pas-travailler-a-explose\/#primaryimage"},"image":{"@id":"https:\/\/juliettepotin.com\/index.php\/2023\/09\/11\/le-jour-ou-ma-frustration-de-ne-pas-travailler-a-explose\/#primaryimage"},"thumbnailUrl":"https:\/\/juliettepotin.com\/wp-content\/uploads\/2023\/10\/JuliettePotin_expatcoach_frustration.jpg","datePublished":"2023-09-11T11:37:00+00:00","dateModified":"2023-10-04T11:44:25+00:00","description":"Je croyais que mon insatisfaction \u00e0 ne pas travailler venait de toutes ces contraintes ext\u00e9rieures qui m\u2019emp\u00eachaient de le faire.","breadcrumb":{"@id":"https:\/\/juliettepotin.com\/index.php\/2023\/09\/11\/le-jour-ou-ma-frustration-de-ne-pas-travailler-a-explose\/#breadcrumb"},"inLanguage":"fr-FR","potentialAction":[{"@type":"ReadAction","target":["https:\/\/juliettepotin.com\/index.php\/2023\/09\/11\/le-jour-ou-ma-frustration-de-ne-pas-travailler-a-explose\/"]}]},{"@type":"ImageObject","inLanguage":"fr-FR","@id":"https:\/\/juliettepotin.com\/index.php\/2023\/09\/11\/le-jour-ou-ma-frustration-de-ne-pas-travailler-a-explose\/#primaryimage","url":"https:\/\/juliettepotin.com\/wp-content\/uploads\/2023\/10\/JuliettePotin_expatcoach_frustration.jpg","contentUrl":"https:\/\/juliettepotin.com\/wp-content\/uploads\/2023\/10\/JuliettePotin_expatcoach_frustration.jpg","width":4862,"height":3246,"caption":"pr\u00eat \u00e0 \u00e9clater"},{"@type":"BreadcrumbList","@id":"https:\/\/juliettepotin.com\/index.php\/2023\/09\/11\/le-jour-ou-ma-frustration-de-ne-pas-travailler-a-explose\/#breadcrumb","itemListElement":[{"@type":"ListItem","position":1,"name":"Home","item":"https:\/\/juliettepotin.com\/"},{"@type":"ListItem","position":2,"name":"Le jour o\u00f9 ma frustration de ne pas travailler a explos\u00e9\u2026"}]},{"@type":"WebSite","@id":"https:\/\/juliettepotin.com\/#website","url":"https:\/\/juliettepotin.com\/","name":"Expat coach","description":"The start of a new YOU","publisher":{"@id":"https:\/\/juliettepotin.com\/#\/schema\/person\/ce6521de52bc72045131c9ea6e7dea42"},"potentialAction":[{"@type":"SearchAction","target":{"@type":"EntryPoint","urlTemplate":"https:\/\/juliettepotin.com\/?s={search_term_string}"},"query-input":{"@type":"PropertyValueSpecification","valueRequired":true,"valueName":"search_term_string"}}],"inLanguage":"fr-FR"},{"@type":["Person","Organization"],"@id":"https:\/\/juliettepotin.com\/#\/schema\/person\/ce6521de52bc72045131c9ea6e7dea42","name":"Juliette Potin","image":{"@type":"ImageObject","inLanguage":"fr-FR","@id":"https:\/\/juliettepotin.com\/wp-content\/uploads\/2023\/01\/22006D7C-5B64-4226-B2A7-B43CE0FB4C0F_1_201_a-970x1024.png","url":"https:\/\/juliettepotin.com\/wp-content\/uploads\/2023\/01\/22006D7C-5B64-4226-B2A7-B43CE0FB4C0F_1_201_a-970x1024.png","contentUrl":"https:\/\/juliettepotin.com\/wp-content\/uploads\/2023\/01\/22006D7C-5B64-4226-B2A7-B43CE0FB4C0F_1_201_a-970x1024.png","width":970,"height":1024,"caption":"Juliette Potin"},"logo":{"@id":"https:\/\/juliettepotin.com\/wp-content\/uploads\/2023\/01\/22006D7C-5B64-4226-B2A7-B43CE0FB4C0F_1_201_a-970x1024.png"},"description":"Je suis Juliette Potin, coach professionnelle depuis 2018. J'ai v\u00e9cu plusieurs ann\u00e9es \u00e0 l'\u00e9tranger,notamment aux Etats-Unis o\u00f9 je me retrouve \u00e0 la maison apr\u00e8s 15 ans de postes \u00e0 responsabilit\u00e9 dans l'industrie. L'exp\u00e9rience de ne plus pouvoir me d\u00e9finir par mon statut social est d\u00e9stabilisante, celle d'avoir du temps devant moi : vertigineuse! Petit \u00e0 petit, en me reconnectant \u00e0 moi-m\u00eame et \u00e0 mes aspirations, je me suis autoris\u00e9e \u00e0 me r\u00e9-inventer. Aujourd'hui de retour en France, j'accompagne les personnes qui ont un temps mis leur carri\u00e8re entre parenth\u00e8ses, \u00e0 reprendre confiance, r\u00e9v\u00e9ler leurs talents et suivre leurs \u00e9lans pour (re)trouver une activit\u00e9 pro align\u00e9e avec qui elles sont.","sameAs":["https:\/\/www.facebook.com\/PotinJulietteCoach\/","https:\/\/www.linkedin.com\/in\/juliette-potin-expat-coach\/"]}]}},"_links":{"self":[{"href":"https:\/\/juliettepotin.com\/index.php\/wp-json\/wp\/v2\/posts\/3425","targetHints":{"allow":["GET"]}}],"collection":[{"href":"https:\/\/juliettepotin.com\/index.php\/wp-json\/wp\/v2\/posts"}],"about":[{"href":"https:\/\/juliettepotin.com\/index.php\/wp-json\/wp\/v2\/types\/post"}],"author":[{"embeddable":true,"href":"https:\/\/juliettepotin.com\/index.php\/wp-json\/wp\/v2\/users\/1"}],"replies":[{"embeddable":true,"href":"https:\/\/juliettepotin.com\/index.php\/wp-json\/wp\/v2\/comments?post=3425"}],"version-history":[{"count":0,"href":"https:\/\/juliettepotin.com\/index.php\/wp-json\/wp\/v2\/posts\/3425\/revisions"}],"wp:featuredmedia":[{"embeddable":true,"href":"https:\/\/juliettepotin.com\/index.php\/wp-json\/wp\/v2\/media\/3427"}],"wp:attachment":[{"href":"https:\/\/juliettepotin.com\/index.php\/wp-json\/wp\/v2\/media?parent=3425"}],"wp:term":[{"taxonomy":"category","embeddable":true,"href":"https:\/\/juliettepotin.com\/index.php\/wp-json\/wp\/v2\/categories?post=3425"},{"taxonomy":"post_tag","embeddable":true,"href":"https:\/\/juliettepotin.com\/index.php\/wp-json\/wp\/v2\/tags?post=3425"}],"curies":[{"name":"wp","href":"https:\/\/api.w.org\/{rel}","templated":true}]}}