{"id":3243,"date":"2023-03-02T12:19:53","date_gmt":"2023-03-02T11:19:53","guid":{"rendered":"https:\/\/juliettepotin.com\/?p=3243"},"modified":"2026-04-11T15:34:24","modified_gmt":"2026-04-11T13:34:24","slug":"le-jour-ou-je-nai-pas-su-suivre-mon-intuition","status":"publish","type":"post","link":"https:\/\/juliettepotin.com\/index.php\/2023\/03\/02\/le-jour-ou-je-nai-pas-su-suivre-mon-intuition\/","title":{"rendered":"Le jour o\u00f9 je n\u2019ai pas su suivre mon intuition\u2026"},"content":{"rendered":"\n<p>Le jour o\u00f9 je n\u2019ai pas su suivre mon intuition et que j\u2019ai compris apr\u00e8s coup que \u00e7a en \u00e9tait une\u2026\ud83d\ude43<\/p>\n<p>J\u2019attendais mon bus ce matin-l\u00e0. Je n\u2019avais pas pris de marge et le bus \u00e9tait tr\u00e8s en retard. Je commen\u00e7ais \u00e0 faire mes calculs\u00a0: si l\u2019enchainement avec le m\u00e9tro puis le tram se goupillait bien, je n\u2019avais plus aucune chance\u00a0infime d\u2019\u00eatre \u00e0 l\u2019heure \u00e0 ma formation\u2026\ud83e\udd14<\/p>\n<p>Lorsque la vie me met face \u00e0 quelque chose qui ne me convient pas, plut\u00f4t que de r\u00e2ler, j\u2019ai appris \u00e0 diriger mon attention sur ce que je veux. J\u2019ai donc fait le vide \u00e0 l\u2019int\u00e9rieur de moi et j\u2019ai pos\u00e9 l\u2019intention que tout se d\u00e9roule de mani\u00e8re fluide et facile.\ud83d\ude0c<\/p>\n<p>Une pens\u00e9e m\u2019est venue\u00a0: il me faudrait une voiture. Il faudrait que justement l\u00e0 devant moi passe une personne que je connais qui puisse me rapprocher de ma destination. \ud83d\udca1<!--more--><\/p>\n<p>Mon mental a pris le relais pour \u00e9valuer l\u2019id\u00e9e\u00a0: franchement quelle probabilit\u00e9 de tomber sur un ami ou un voisin \u00e0 ce moment pr\u00e9cis\u00a0? Et si je prenais ma propre voiture\u00a0? Non, j\u2019ai entendu qu\u2019il y avait des manifestations en centre-ville, mieux vaut rester sur l\u2019id\u00e9e du bus\u2026\ud83e\udd28<\/p>\n<p>M\u2019apercevant que le stress m\u2019envahissait et que je m\u2019\u00e9cartais de mon intention, je me focalisai de nouveau sur la facilit\u00e9 et la fluidit\u00e9. Mon bus finit par arriver et j\u2019encha\u00eenai plut\u00f4t bien les correspondances en limitant mon retard \u00e0 10 minutes.<\/p>\n<p>La morale de cette partie de l\u2019histoire, c\u2019est que mon intention m\u2019a permis ce matin-l\u00e0 de rester zen et de profiter du trajet au lieu de ressasser des pens\u00e9es d\u2019agacement contre le r\u00e9seau de bus ou de culpabilit\u00e9 vis-\u00e0-vis de mon retard. Je suis d\u2019arriv\u00e9e sereine, m\u2019excusant bien s\u00fbr, mais dans de bonnes dispositions pour suivre la formation.\ud83d\ude42<\/p>\n<h4>Mais l\u2019histoire ne s\u2019arr\u00eate pas l\u00e0\u2026<\/h4>\n<p>A la pause, une participante que je connais me dit\u00a0: \u00ab\u00a0tiens je t\u2019ai vue ce matin \u00e0 l\u2019arr\u00eat de bus. Je suis pass\u00e9e devant toi en voiture. Je t\u2019ai fait des grands signes mais tu ne m\u2019as pas vue. Si j\u2019avais su que tu venais dans la m\u00eame formation que moi ce matin, je me serais arr\u00eat\u00e9e\u00a0! \u00bb \ud83d\ude33<\/p>\n<p>J\u2019ai su exactement \u00e0 quel moment elle \u00e9tait pass\u00e9 devant moi\u00a0: au moment o\u00f9 j\u2019ai eu l\u2019id\u00e9e de rep\u00e9rer un visage connu parmi les conducteurs mais ne l\u2019ai pas fait parce que je m\u2019\u00e9tais laiss\u00e9e embarquer par d\u2019autres pens\u00e9es\u2026\ud83d\ude43<\/p>\n<p>La vraie morale de cette histoire est celle-ci\u00a0: en faisant le vide et en se d\u00e9tachant des pens\u00e9es parasites qui nous traversent, on a acc\u00e8s \u00e0 des id\u00e9es g\u00e9niales. On peut les appeler\u00a0intuitions. La plupart du temps, on ne s\u2019en rend pas compte parce qu\u2019on ne les \u00e9coute pas. Notre mental rationnel les d\u00e9monte en deux temps trois mouvements. \ud83d\udc4e<\/p>\n<p>Ce jour-l\u00e0, j\u2019ai eu la preuve que cette intuition \u00e9tait une tr\u00e8s bonne id\u00e9e, celle qui m\u2019aurait permis d\u2019arriver \u00e0 l\u2019heure \u00e0 ma formation\u00a0!\u2728<\/p>\n<p>Et vous, savez-vous \u00e9couter votre intuition\u00a0?<\/p>\n<p>PS\u00a0: \u00a0L\u2019intuition est un outil puissant lorsqu\u2019on cherche sa voie. Si \u00e7a vous int\u00e9resse de l\u2019utiliser dans votre exploration, contactez-moi\u00a0! Je vous offre une premi\u00e8re <a href=\"https:\/\/juliettepotin.com\/index.php\/faites-de-votre-experience-a-letranger-le-tournant-de-votre-vie\/seance-gratuite-dexploration\/\">s\u00e9ance gratuite<\/a> pour exp\u00e9rimenter.<\/p>\n<p>Cr\u00e9dit photo <a href=\"https:\/\/fr.freepik.com\/photos-gratuite\/bouchent-portrait-jolie-jeune-femme-isolee_13058523.htm#query=id%C3%A9e&amp;position=26&amp;from_view=search&amp;track=sph\">Freepik<\/a><\/p>\n","protected":false},"excerpt":{"rendered":"<p>Le jour o\u00f9 je n\u2019ai pas su suivre mon intuition et que j\u2019ai compris apr\u00e8s coup que \u00e7a en \u00e9tait une\u2026\ud83d\ude43 J\u2019attendais mon bus ce matin-l\u00e0. Je n\u2019avais pas pris [&hellip;]<\/p>\n","protected":false},"author":1,"featured_media":3246,"comment_status":"open","ping_status":"open","sticky":false,"template":"","format":"standard","meta":{"_exactmetrics_skip_tracking":false,"_exactmetrics_sitenote_active":false,"_exactmetrics_sitenote_note":"","_exactmetrics_sitenote_category":0,"footnotes":""},"categories":[204,225],"tags":[],"class_list":["post-3243","post","type-post","status-publish","format-standard","has-post-thumbnail","hentry","category-intuition","category-lecon-du-quotidien"],"yoast_head":"<!-- This site is optimized with the Yoast SEO plugin v27.5 - https:\/\/yoast.com\/product\/yoast-seo-wordpress\/ -->\n<title>Le jour o\u00f9 je n\u2019ai pas su suivre mon intuition\u2026 - Expat coach<\/title>\n<meta name=\"description\" content=\"J&#039;ai compris apr\u00e8s coup que je n&#039;avais pas su rep\u00e9rer et suivre mon intuition, mon mental avait d\u00e9mont\u00e9 l&#039;id\u00e9e en deux temps trois mouvements\" \/>\n<meta name=\"robots\" content=\"index, follow, max-snippet:-1, max-image-preview:large, max-video-preview:-1\" \/>\n<link rel=\"canonical\" href=\"https:\/\/juliettepotin.com\/index.php\/2023\/03\/02\/le-jour-ou-je-nai-pas-su-suivre-mon-intuition\/\" \/>\n<meta property=\"og:locale\" content=\"fr_FR\" \/>\n<meta property=\"og:type\" content=\"article\" \/>\n<meta property=\"og:title\" content=\"Le jour o\u00f9 je n\u2019ai pas su suivre mon intuition\u2026 - Expat coach\" \/>\n<meta property=\"og:description\" content=\"J&#039;ai compris apr\u00e8s coup que je n&#039;avais pas su rep\u00e9rer et suivre mon intuition, mon mental avait d\u00e9mont\u00e9 l&#039;id\u00e9e en deux temps trois mouvements\" \/>\n<meta property=\"og:url\" content=\"https:\/\/juliettepotin.com\/index.php\/2023\/03\/02\/le-jour-ou-je-nai-pas-su-suivre-mon-intuition\/\" \/>\n<meta property=\"og:site_name\" content=\"Expat coach\" \/>\n<meta property=\"article:publisher\" content=\"https:\/\/www.facebook.com\/PotinJulietteCoach\/\" \/>\n<meta property=\"article:author\" content=\"https:\/\/www.facebook.com\/PotinJulietteCoach\/\" \/>\n<meta property=\"article:published_time\" content=\"2023-03-02T11:19:53+00:00\" \/>\n<meta property=\"article:modified_time\" content=\"2026-04-11T13:34:24+00:00\" \/>\n<meta property=\"og:image\" content=\"https:\/\/juliettepotin.com\/wp-content\/uploads\/2023\/03\/Juliette_Potin_expat_coach_intuition.jpg\" \/>\n\t<meta property=\"og:image:width\" content=\"8451\" \/>\n\t<meta property=\"og:image:height\" content=\"6772\" \/>\n\t<meta property=\"og:image:type\" content=\"image\/jpeg\" \/>\n<meta name=\"author\" content=\"Juliette Potin\" \/>\n<meta name=\"twitter:card\" content=\"summary_large_image\" \/>\n<meta name=\"twitter:label1\" content=\"\u00c9crit par\" \/>\n\t<meta name=\"twitter:data1\" content=\"Juliette Potin\" \/>\n\t<meta name=\"twitter:label2\" content=\"Dur\u00e9e de lecture estim\u00e9e\" \/>\n\t<meta name=\"twitter:data2\" content=\"3 minutes\" \/>\n<script type=\"application\/ld+json\" class=\"yoast-schema-graph\">{\"@context\":\"https:\\\/\\\/schema.org\",\"@graph\":[{\"@type\":\"Article\",\"@id\":\"https:\\\/\\\/juliettepotin.com\\\/index.php\\\/2023\\\/03\\\/02\\\/le-jour-ou-je-nai-pas-su-suivre-mon-intuition\\\/#article\",\"isPartOf\":{\"@id\":\"https:\\\/\\\/juliettepotin.com\\\/index.php\\\/2023\\\/03\\\/02\\\/le-jour-ou-je-nai-pas-su-suivre-mon-intuition\\\/\"},\"author\":{\"name\":\"Juliette Potin\",\"@id\":\"https:\\\/\\\/juliettepotin.com\\\/#\\\/schema\\\/person\\\/ce6521de52bc72045131c9ea6e7dea42\"},\"headline\":\"Le jour o\u00f9 je n\u2019ai pas su suivre mon intuition\u2026\",\"datePublished\":\"2023-03-02T11:19:53+00:00\",\"dateModified\":\"2026-04-11T13:34:24+00:00\",\"mainEntityOfPage\":{\"@id\":\"https:\\\/\\\/juliettepotin.com\\\/index.php\\\/2023\\\/03\\\/02\\\/le-jour-ou-je-nai-pas-su-suivre-mon-intuition\\\/\"},\"wordCount\":609,\"commentCount\":0,\"publisher\":{\"@id\":\"https:\\\/\\\/juliettepotin.com\\\/#\\\/schema\\\/person\\\/ce6521de52bc72045131c9ea6e7dea42\"},\"image\":{\"@id\":\"https:\\\/\\\/juliettepotin.com\\\/index.php\\\/2023\\\/03\\\/02\\\/le-jour-ou-je-nai-pas-su-suivre-mon-intuition\\\/#primaryimage\"},\"thumbnailUrl\":\"https:\\\/\\\/juliettepotin.com\\\/wp-content\\\/uploads\\\/2023\\\/03\\\/Juliette_Potin_expat_coach_intuition.jpg\",\"articleSection\":[\"Intuition\",\"le\u00e7on du quotidien\"],\"inLanguage\":\"fr-FR\",\"potentialAction\":[{\"@type\":\"CommentAction\",\"name\":\"Comment\",\"target\":[\"https:\\\/\\\/juliettepotin.com\\\/index.php\\\/2023\\\/03\\\/02\\\/le-jour-ou-je-nai-pas-su-suivre-mon-intuition\\\/#respond\"]}]},{\"@type\":\"WebPage\",\"@id\":\"https:\\\/\\\/juliettepotin.com\\\/index.php\\\/2023\\\/03\\\/02\\\/le-jour-ou-je-nai-pas-su-suivre-mon-intuition\\\/\",\"url\":\"https:\\\/\\\/juliettepotin.com\\\/index.php\\\/2023\\\/03\\\/02\\\/le-jour-ou-je-nai-pas-su-suivre-mon-intuition\\\/\",\"name\":\"Le jour o\u00f9 je n\u2019ai pas su suivre mon intuition\u2026 - Expat coach\",\"isPartOf\":{\"@id\":\"https:\\\/\\\/juliettepotin.com\\\/#website\"},\"primaryImageOfPage\":{\"@id\":\"https:\\\/\\\/juliettepotin.com\\\/index.php\\\/2023\\\/03\\\/02\\\/le-jour-ou-je-nai-pas-su-suivre-mon-intuition\\\/#primaryimage\"},\"image\":{\"@id\":\"https:\\\/\\\/juliettepotin.com\\\/index.php\\\/2023\\\/03\\\/02\\\/le-jour-ou-je-nai-pas-su-suivre-mon-intuition\\\/#primaryimage\"},\"thumbnailUrl\":\"https:\\\/\\\/juliettepotin.com\\\/wp-content\\\/uploads\\\/2023\\\/03\\\/Juliette_Potin_expat_coach_intuition.jpg\",\"datePublished\":\"2023-03-02T11:19:53+00:00\",\"dateModified\":\"2026-04-11T13:34:24+00:00\",\"description\":\"J'ai compris apr\u00e8s coup que je n'avais pas su rep\u00e9rer et suivre mon intuition, mon mental avait d\u00e9mont\u00e9 l'id\u00e9e en deux temps trois mouvements\",\"breadcrumb\":{\"@id\":\"https:\\\/\\\/juliettepotin.com\\\/index.php\\\/2023\\\/03\\\/02\\\/le-jour-ou-je-nai-pas-su-suivre-mon-intuition\\\/#breadcrumb\"},\"inLanguage\":\"fr-FR\",\"potentialAction\":[{\"@type\":\"ReadAction\",\"target\":[\"https:\\\/\\\/juliettepotin.com\\\/index.php\\\/2023\\\/03\\\/02\\\/le-jour-ou-je-nai-pas-su-suivre-mon-intuition\\\/\"]}]},{\"@type\":\"ImageObject\",\"inLanguage\":\"fr-FR\",\"@id\":\"https:\\\/\\\/juliettepotin.com\\\/index.php\\\/2023\\\/03\\\/02\\\/le-jour-ou-je-nai-pas-su-suivre-mon-intuition\\\/#primaryimage\",\"url\":\"https:\\\/\\\/juliettepotin.com\\\/wp-content\\\/uploads\\\/2023\\\/03\\\/Juliette_Potin_expat_coach_intuition.jpg\",\"contentUrl\":\"https:\\\/\\\/juliettepotin.com\\\/wp-content\\\/uploads\\\/2023\\\/03\\\/Juliette_Potin_expat_coach_intuition.jpg\",\"width\":8451,\"height\":6772,\"caption\":\"Suivre son intuition\"},{\"@type\":\"BreadcrumbList\",\"@id\":\"https:\\\/\\\/juliettepotin.com\\\/index.php\\\/2023\\\/03\\\/02\\\/le-jour-ou-je-nai-pas-su-suivre-mon-intuition\\\/#breadcrumb\",\"itemListElement\":[{\"@type\":\"ListItem\",\"position\":1,\"name\":\"Home\",\"item\":\"https:\\\/\\\/juliettepotin.com\\\/\"},{\"@type\":\"ListItem\",\"position\":2,\"name\":\"Le jour o\u00f9 je n\u2019ai pas su suivre mon intuition\u2026\"}]},{\"@type\":\"WebSite\",\"@id\":\"https:\\\/\\\/juliettepotin.com\\\/#website\",\"url\":\"https:\\\/\\\/juliettepotin.com\\\/\",\"name\":\"Expat coach\",\"description\":\"The start of a new YOU\",\"publisher\":{\"@id\":\"https:\\\/\\\/juliettepotin.com\\\/#\\\/schema\\\/person\\\/ce6521de52bc72045131c9ea6e7dea42\"},\"potentialAction\":[{\"@type\":\"SearchAction\",\"target\":{\"@type\":\"EntryPoint\",\"urlTemplate\":\"https:\\\/\\\/juliettepotin.com\\\/?s={search_term_string}\"},\"query-input\":{\"@type\":\"PropertyValueSpecification\",\"valueRequired\":true,\"valueName\":\"search_term_string\"}}],\"inLanguage\":\"fr-FR\"},{\"@type\":[\"Person\",\"Organization\"],\"@id\":\"https:\\\/\\\/juliettepotin.com\\\/#\\\/schema\\\/person\\\/ce6521de52bc72045131c9ea6e7dea42\",\"name\":\"Juliette Potin\",\"image\":{\"@type\":\"ImageObject\",\"inLanguage\":\"fr-FR\",\"@id\":\"https:\\\/\\\/juliettepotin.com\\\/wp-content\\\/uploads\\\/2023\\\/01\\\/22006D7C-5B64-4226-B2A7-B43CE0FB4C0F_1_201_a-970x1024.png\",\"url\":\"https:\\\/\\\/juliettepotin.com\\\/wp-content\\\/uploads\\\/2023\\\/01\\\/22006D7C-5B64-4226-B2A7-B43CE0FB4C0F_1_201_a-970x1024.png\",\"contentUrl\":\"https:\\\/\\\/juliettepotin.com\\\/wp-content\\\/uploads\\\/2023\\\/01\\\/22006D7C-5B64-4226-B2A7-B43CE0FB4C0F_1_201_a-970x1024.png\",\"width\":970,\"height\":1024,\"caption\":\"Juliette Potin\"},\"logo\":{\"@id\":\"https:\\\/\\\/juliettepotin.com\\\/wp-content\\\/uploads\\\/2023\\\/01\\\/22006D7C-5B64-4226-B2A7-B43CE0FB4C0F_1_201_a-970x1024.png\"},\"description\":\"Je suis Juliette Potin, coach professionnelle depuis 2018. J'ai v\u00e9cu plusieurs ann\u00e9es \u00e0 l'\u00e9tranger,notamment aux Etats-Unis o\u00f9 je me retrouve \u00e0 la maison apr\u00e8s 15 ans de postes \u00e0 responsabilit\u00e9 dans l'industrie. L'exp\u00e9rience de ne plus pouvoir me d\u00e9finir par mon statut social est d\u00e9stabilisante, celle d'avoir du temps devant moi : vertigineuse! Petit \u00e0 petit, en me reconnectant \u00e0 moi-m\u00eame et \u00e0 mes aspirations, je me suis autoris\u00e9e \u00e0 me r\u00e9-inventer. Aujourd'hui de retour en France, j'accompagne les personnes qui ont un temps mis leur carri\u00e8re entre parenth\u00e8ses, \u00e0 reprendre confiance, r\u00e9v\u00e9ler leurs talents et suivre leurs \u00e9lans pour (re)trouver une activit\u00e9 pro align\u00e9e avec qui elles sont.\",\"sameAs\":[\"https:\\\/\\\/www.facebook.com\\\/PotinJulietteCoach\\\/\",\"https:\\\/\\\/www.linkedin.com\\\/in\\\/juliette-potin-expat-coach\\\/\"]}]}<\/script>\n<!-- \/ Yoast SEO plugin. -->","yoast_head_json":{"title":"Le jour o\u00f9 je n\u2019ai pas su suivre mon intuition\u2026 - Expat coach","description":"J'ai compris apr\u00e8s coup que je n'avais pas su rep\u00e9rer et suivre mon intuition, mon mental avait d\u00e9mont\u00e9 l'id\u00e9e en deux temps trois mouvements","robots":{"index":"index","follow":"follow","max-snippet":"max-snippet:-1","max-image-preview":"max-image-preview:large","max-video-preview":"max-video-preview:-1"},"canonical":"https:\/\/juliettepotin.com\/index.php\/2023\/03\/02\/le-jour-ou-je-nai-pas-su-suivre-mon-intuition\/","og_locale":"fr_FR","og_type":"article","og_title":"Le jour o\u00f9 je n\u2019ai pas su suivre mon intuition\u2026 - Expat coach","og_description":"J'ai compris apr\u00e8s coup que je n'avais pas su rep\u00e9rer et suivre mon intuition, mon mental avait d\u00e9mont\u00e9 l'id\u00e9e en deux temps trois mouvements","og_url":"https:\/\/juliettepotin.com\/index.php\/2023\/03\/02\/le-jour-ou-je-nai-pas-su-suivre-mon-intuition\/","og_site_name":"Expat coach","article_publisher":"https:\/\/www.facebook.com\/PotinJulietteCoach\/","article_author":"https:\/\/www.facebook.com\/PotinJulietteCoach\/","article_published_time":"2023-03-02T11:19:53+00:00","article_modified_time":"2026-04-11T13:34:24+00:00","og_image":[{"width":8451,"height":6772,"url":"https:\/\/juliettepotin.com\/wp-content\/uploads\/2023\/03\/Juliette_Potin_expat_coach_intuition.jpg","type":"image\/jpeg"}],"author":"Juliette Potin","twitter_card":"summary_large_image","twitter_misc":{"\u00c9crit par":"Juliette Potin","Dur\u00e9e de lecture estim\u00e9e":"3 minutes"},"schema":{"@context":"https:\/\/schema.org","@graph":[{"@type":"Article","@id":"https:\/\/juliettepotin.com\/index.php\/2023\/03\/02\/le-jour-ou-je-nai-pas-su-suivre-mon-intuition\/#article","isPartOf":{"@id":"https:\/\/juliettepotin.com\/index.php\/2023\/03\/02\/le-jour-ou-je-nai-pas-su-suivre-mon-intuition\/"},"author":{"name":"Juliette Potin","@id":"https:\/\/juliettepotin.com\/#\/schema\/person\/ce6521de52bc72045131c9ea6e7dea42"},"headline":"Le jour o\u00f9 je n\u2019ai pas su suivre mon intuition\u2026","datePublished":"2023-03-02T11:19:53+00:00","dateModified":"2026-04-11T13:34:24+00:00","mainEntityOfPage":{"@id":"https:\/\/juliettepotin.com\/index.php\/2023\/03\/02\/le-jour-ou-je-nai-pas-su-suivre-mon-intuition\/"},"wordCount":609,"commentCount":0,"publisher":{"@id":"https:\/\/juliettepotin.com\/#\/schema\/person\/ce6521de52bc72045131c9ea6e7dea42"},"image":{"@id":"https:\/\/juliettepotin.com\/index.php\/2023\/03\/02\/le-jour-ou-je-nai-pas-su-suivre-mon-intuition\/#primaryimage"},"thumbnailUrl":"https:\/\/juliettepotin.com\/wp-content\/uploads\/2023\/03\/Juliette_Potin_expat_coach_intuition.jpg","articleSection":["Intuition","le\u00e7on du quotidien"],"inLanguage":"fr-FR","potentialAction":[{"@type":"CommentAction","name":"Comment","target":["https:\/\/juliettepotin.com\/index.php\/2023\/03\/02\/le-jour-ou-je-nai-pas-su-suivre-mon-intuition\/#respond"]}]},{"@type":"WebPage","@id":"https:\/\/juliettepotin.com\/index.php\/2023\/03\/02\/le-jour-ou-je-nai-pas-su-suivre-mon-intuition\/","url":"https:\/\/juliettepotin.com\/index.php\/2023\/03\/02\/le-jour-ou-je-nai-pas-su-suivre-mon-intuition\/","name":"Le jour o\u00f9 je n\u2019ai pas su suivre mon intuition\u2026 - Expat coach","isPartOf":{"@id":"https:\/\/juliettepotin.com\/#website"},"primaryImageOfPage":{"@id":"https:\/\/juliettepotin.com\/index.php\/2023\/03\/02\/le-jour-ou-je-nai-pas-su-suivre-mon-intuition\/#primaryimage"},"image":{"@id":"https:\/\/juliettepotin.com\/index.php\/2023\/03\/02\/le-jour-ou-je-nai-pas-su-suivre-mon-intuition\/#primaryimage"},"thumbnailUrl":"https:\/\/juliettepotin.com\/wp-content\/uploads\/2023\/03\/Juliette_Potin_expat_coach_intuition.jpg","datePublished":"2023-03-02T11:19:53+00:00","dateModified":"2026-04-11T13:34:24+00:00","description":"J'ai compris apr\u00e8s coup que je n'avais pas su rep\u00e9rer et suivre mon intuition, mon mental avait d\u00e9mont\u00e9 l'id\u00e9e en deux temps trois mouvements","breadcrumb":{"@id":"https:\/\/juliettepotin.com\/index.php\/2023\/03\/02\/le-jour-ou-je-nai-pas-su-suivre-mon-intuition\/#breadcrumb"},"inLanguage":"fr-FR","potentialAction":[{"@type":"ReadAction","target":["https:\/\/juliettepotin.com\/index.php\/2023\/03\/02\/le-jour-ou-je-nai-pas-su-suivre-mon-intuition\/"]}]},{"@type":"ImageObject","inLanguage":"fr-FR","@id":"https:\/\/juliettepotin.com\/index.php\/2023\/03\/02\/le-jour-ou-je-nai-pas-su-suivre-mon-intuition\/#primaryimage","url":"https:\/\/juliettepotin.com\/wp-content\/uploads\/2023\/03\/Juliette_Potin_expat_coach_intuition.jpg","contentUrl":"https:\/\/juliettepotin.com\/wp-content\/uploads\/2023\/03\/Juliette_Potin_expat_coach_intuition.jpg","width":8451,"height":6772,"caption":"Suivre son intuition"},{"@type":"BreadcrumbList","@id":"https:\/\/juliettepotin.com\/index.php\/2023\/03\/02\/le-jour-ou-je-nai-pas-su-suivre-mon-intuition\/#breadcrumb","itemListElement":[{"@type":"ListItem","position":1,"name":"Home","item":"https:\/\/juliettepotin.com\/"},{"@type":"ListItem","position":2,"name":"Le jour o\u00f9 je n\u2019ai pas su suivre mon intuition\u2026"}]},{"@type":"WebSite","@id":"https:\/\/juliettepotin.com\/#website","url":"https:\/\/juliettepotin.com\/","name":"Expat coach","description":"The start of a new YOU","publisher":{"@id":"https:\/\/juliettepotin.com\/#\/schema\/person\/ce6521de52bc72045131c9ea6e7dea42"},"potentialAction":[{"@type":"SearchAction","target":{"@type":"EntryPoint","urlTemplate":"https:\/\/juliettepotin.com\/?s={search_term_string}"},"query-input":{"@type":"PropertyValueSpecification","valueRequired":true,"valueName":"search_term_string"}}],"inLanguage":"fr-FR"},{"@type":["Person","Organization"],"@id":"https:\/\/juliettepotin.com\/#\/schema\/person\/ce6521de52bc72045131c9ea6e7dea42","name":"Juliette Potin","image":{"@type":"ImageObject","inLanguage":"fr-FR","@id":"https:\/\/juliettepotin.com\/wp-content\/uploads\/2023\/01\/22006D7C-5B64-4226-B2A7-B43CE0FB4C0F_1_201_a-970x1024.png","url":"https:\/\/juliettepotin.com\/wp-content\/uploads\/2023\/01\/22006D7C-5B64-4226-B2A7-B43CE0FB4C0F_1_201_a-970x1024.png","contentUrl":"https:\/\/juliettepotin.com\/wp-content\/uploads\/2023\/01\/22006D7C-5B64-4226-B2A7-B43CE0FB4C0F_1_201_a-970x1024.png","width":970,"height":1024,"caption":"Juliette Potin"},"logo":{"@id":"https:\/\/juliettepotin.com\/wp-content\/uploads\/2023\/01\/22006D7C-5B64-4226-B2A7-B43CE0FB4C0F_1_201_a-970x1024.png"},"description":"Je suis Juliette Potin, coach professionnelle depuis 2018. J'ai v\u00e9cu plusieurs ann\u00e9es \u00e0 l'\u00e9tranger,notamment aux Etats-Unis o\u00f9 je me retrouve \u00e0 la maison apr\u00e8s 15 ans de postes \u00e0 responsabilit\u00e9 dans l'industrie. L'exp\u00e9rience de ne plus pouvoir me d\u00e9finir par mon statut social est d\u00e9stabilisante, celle d'avoir du temps devant moi : vertigineuse! Petit \u00e0 petit, en me reconnectant \u00e0 moi-m\u00eame et \u00e0 mes aspirations, je me suis autoris\u00e9e \u00e0 me r\u00e9-inventer. Aujourd'hui de retour en France, j'accompagne les personnes qui ont un temps mis leur carri\u00e8re entre parenth\u00e8ses, \u00e0 reprendre confiance, r\u00e9v\u00e9ler leurs talents et suivre leurs \u00e9lans pour (re)trouver une activit\u00e9 pro align\u00e9e avec qui elles sont.","sameAs":["https:\/\/www.facebook.com\/PotinJulietteCoach\/","https:\/\/www.linkedin.com\/in\/juliette-potin-expat-coach\/"]}]}},"_links":{"self":[{"href":"https:\/\/juliettepotin.com\/index.php\/wp-json\/wp\/v2\/posts\/3243","targetHints":{"allow":["GET"]}}],"collection":[{"href":"https:\/\/juliettepotin.com\/index.php\/wp-json\/wp\/v2\/posts"}],"about":[{"href":"https:\/\/juliettepotin.com\/index.php\/wp-json\/wp\/v2\/types\/post"}],"author":[{"embeddable":true,"href":"https:\/\/juliettepotin.com\/index.php\/wp-json\/wp\/v2\/users\/1"}],"replies":[{"embeddable":true,"href":"https:\/\/juliettepotin.com\/index.php\/wp-json\/wp\/v2\/comments?post=3243"}],"version-history":[{"count":1,"href":"https:\/\/juliettepotin.com\/index.php\/wp-json\/wp\/v2\/posts\/3243\/revisions"}],"predecessor-version":[{"id":4135,"href":"https:\/\/juliettepotin.com\/index.php\/wp-json\/wp\/v2\/posts\/3243\/revisions\/4135"}],"wp:featuredmedia":[{"embeddable":true,"href":"https:\/\/juliettepotin.com\/index.php\/wp-json\/wp\/v2\/media\/3246"}],"wp:attachment":[{"href":"https:\/\/juliettepotin.com\/index.php\/wp-json\/wp\/v2\/media?parent=3243"}],"wp:term":[{"taxonomy":"category","embeddable":true,"href":"https:\/\/juliettepotin.com\/index.php\/wp-json\/wp\/v2\/categories?post=3243"},{"taxonomy":"post_tag","embeddable":true,"href":"https:\/\/juliettepotin.com\/index.php\/wp-json\/wp\/v2\/tags?post=3243"}],"curies":[{"name":"wp","href":"https:\/\/api.w.org\/{rel}","templated":true}]}}