{"id":3022,"date":"2022-04-15T11:27:00","date_gmt":"2022-04-15T09:27:00","guid":{"rendered":"https:\/\/juliettepotin.com\/?p=3022"},"modified":"2022-06-07T12:23:58","modified_gmt":"2022-06-07T10:23:58","slug":"concilier-vie-pro-et-vie-perso-cest-possible-lexemple-de-karima","status":"publish","type":"post","link":"https:\/\/juliettepotin.com\/index.php\/2022\/04\/15\/concilier-vie-pro-et-vie-perso-cest-possible-lexemple-de-karima\/","title":{"rendered":"Concilier vie pro et vie perso, c\u2019est possible ! L\u2019exemple de Karima"},"content":{"rendered":"\n<p>J\u2019adore interroger les personnes qui ont r\u00e9ussi leur reconversion. \u00a0Multi-expatri\u00e9e pendant 18 ans, m\u00e8re de 4 enfants, un mari r\u00e9guli\u00e8rement en d\u00e9placement, Karima est l\u2019une de ces superwoman ayant toujours travaill\u00e9 en expatriation, conciliant avec brio vie pro et vie perso. Exigeante avec elle-m\u00eame, ind\u00e9pendante et d\u00e9termin\u00e9e, Karima cherche des infos et de l\u2019inspiration mais pas forc\u00e9ment de l\u2019aide. A son retour d\u2019expatriation, elle suit certains de mes ateliers, tire avantage de l\u2019Apec mais trace son chemin seule\u00a0! \u00a0J\u2019ai souhait\u00e9 d\u00e9coder avec elle comment elle s\u2019y \u00e9tait prise pour r\u00e9ussir sa reconversion, d\u2019ing\u00e9nieur chimiste \u00e0 Data Analyst freelance.<\/p>\n<p><!--more--><\/p>\n<ol>\n<li>\n<h4>Identifier ses besoins et motivations \ud83c\udfaf<\/h4>\n<\/li>\n<\/ol>\n<p>Karima sait ce qu\u2019elle veut et ce qu\u2019elle ne veut pas dans son futur job. Sa priorit\u00e9\u00a0est claire\u00a0: son \u00e9quilibre vie pro vie perso\u00a0! \u00a0En expatriation, elle a toujours pu travailler \u00e0 temps plein tout en terminant sa journ\u00e9e \u00e0 l\u2019heure du retour des enfants de l\u2019\u00e9cole\u00a0: 16h parfois 15h \u00e0 Singapour\u00a0! C\u2019\u00e9tait primordial pour elle d\u2019\u00eatre pr\u00e9sente \u00e0 ce moment-l\u00e0. Avoir du temps pour les \u00e9couter, pouvoir suivre leurs devoirs&#8230; Cela n\u00e9cessitait \u00e0 chaque nouveau poste d\u2019\u00eatre particuli\u00e8rement efficace dans son travail pour gagner la confiance de son employeur et ne pas avoir \u00e0 faire de pr\u00e9sentiel inutile. En rentrant en France, Karima r\u00e9alise que ce besoin de pouvoir organiser son temps comme elle le souhaite, partag\u00e9 par de plus en plus de femmes et par les jeunes g\u00e9n\u00e9rations, peine encore \u00e0 \u00eatre entendu dans les entreprises. Il est hors de question pour elle de finir ses journ\u00e9es \u00e0 18h (ni m\u00eame 17h\u00a0!)<\/p>\n<p>\ud83d\udc49 Et vous, qu\u2019est ce qui est primordial dans votre futur job\u00a0? \u00catre autonome\u00a0? Manager une \u00e9quipe\u00a0? Vous sentir utile\u00a0? Avoir des activit\u00e9s vari\u00e9es ou contraire de la stabilit\u00e9\u00a0? Nous avons tous des besoins diff\u00e9rents. Les conna\u00eetre et les prendre en compte vous permet d\u2019\u00eatre beaucoup plus heureux et motiv\u00e9 dans votre job.<\/p>\n<h4>\u00a0<\/h4>\n<ol start=\"2\">\n<li>\n<h4>S\u2019inspirer de personnes qui ont r\u00e9ussi pour se mettre dans un \u00e9tat d\u2019esprit \u00ab\u00a0solutions\u00a0\u00bb \ud83d\ude0e<\/h4>\n<\/li>\n<\/ol>\n<p>Plut\u00f4t que de voir ce besoin d\u2019\u00e9quilibre vie pro vie perso comme une contrainte, Karima construit son projet autour. Elle multiplie les rencontres, se rapproche de personnes qui ont r\u00e9ussi \u00e0 se cr\u00e9er ce job sur mesure. Elle \u00a0participe au salon des femmes entrepreneures. Karima attribue une grande part de sa r\u00e9ussite \u00e0 cette phase de prospection o\u00f9 elle a su sortir de sa zone de confort, aller chercher et trouver des solutions. \u00a0L\u2019\u00e9quation boulot \u00e9panouissant + qui valorise ses comp\u00e9tences + correctement pay\u00e9 + flexible aurait pourtant pu appara\u00eetre impossible \u00e0 bon nombre de personnes\u00a0!<\/p>\n<p>\ud83d\udc49 Quelles sont les personnes qui pour vous \u00ab\u00a0cochent\u00a0\u00bb toutes les cases de votre job id\u00e9al\u00a0? Identifier ces personnes vous permet de passer de \u00ab\u00a0c\u2019est impossible\u00a0\u00bb \u00e0 \u00ab\u00a0des personnes ont rendu cela possible pour elles\u00bb Et du coup, pourquoi pas vous\u00a0?<\/p>\n<h4>\u00a0<\/h4>\n<ol start=\"3\">\n<li>\n<h4>Tester et r\u00e9ajuster \ud83d\udca1<\/h4>\n<\/li>\n<\/ol>\n<p>Karima pense rapidement au statut de freelance. Elle recherche un domaine porteur et une expertise recherch\u00e9e par les entreprises. Avec son background scientifique, elle envisage l\u2019intelligence artificielle, la cyber s\u00e9curit\u00e9, et s\u2019oriente finalement sur une formation pour devenir data analyst en big data. Une formation challengeante de plusieurs mois, \u00e0 distance pour cause de covid, avec beaucoup de nouveaux concepts \u00e0 int\u00e9grer et du travail en groupe. A l\u2019issue de sa formation et de son stage, Karima r\u00e9alise qu\u2019elle n\u2019est pas suffisamment aguerrie pour se vendre en tant que freelance aupr\u00e8s des entreprises. Celles-ci privil\u00e9gient des consultants provenant de structures sous-traitantes reconnues dans leur secteur. Et comme Karima n\u2019est toujours pas pr\u00eate \u00e0 sacrifier la libert\u00e9 de son emploi du temps ni de temp\u00e9rament \u00e0 baisser les bras, elle trouve finalement LE job qui lui permet de tout concilier\u00a0: mentor d\u2019\u00e9tudiants en data analyst\u00a0! \u00a0Elle supervise aujourd\u2019hui une quinzaine d\u2019\u00e9tudiants par semaine, sur des cr\u00e9neaux qu\u2019elle organise elle-m\u00eame, pour un salaire plus que convenable. En aidant les apprenants sur leurs cas pratiques, elle continue \u00e0 acqu\u00e9rir de l\u2019exp\u00e9rience dans son domaine, ce qui lui donnera de nouvelles perspectives \u00e0 l\u2019avenir<\/p>\n<p>\u00a0<\/p>\n<p>\ud83d\udc49\u00a0Et vous, quelle est la prochaine \u00e9tape qui vous rapproche de votre job id\u00e9al\u00a0? Si la piste dans laquelle vous vous \u00eates engag\u00e9 ne vous convient pas, n\u2019abandonnez pas, r\u00e9ajustez\u00a0!<\/p>\n<p>Merci <a href=\"https:\/\/www.linkedin.com\/in\/karimalarbi\/\">Karima<\/a> d\u2019\u00eatre all\u00e9e jusqu\u2019au bout de tes convictions et d\u2019inspirer \u00e0 ton tour d\u2019autres personnes \u00e0 cr\u00e9er leur job sur mesure\u00a0!<\/p>\n<p>PS: Si vous avez besoin d\u2019aide pour construire votre projet pro autour de vos aspirations personnelles, contactez-moi\u00a0! Je vous offre une <a href=\"https:\/\/juliettepotin.com\/index.php\/faites-de-votre-experience-a-letranger-le-tournant-de-votre-vie\/seance-gratuite-dexploration\/\">s\u00e9ance gratuite d\u2019exploration<\/a><\/p>\n<p>Image par\u00a0<a href=\"https:\/\/pixabay.com\/fr\/users\/visionpics-4638469\/?utm_source=link-attribution&amp;utm_medium=referral&amp;utm_campaign=image&amp;utm_content=6795407\">Alexandr Podvalny<\/a>\u00a0de\u00a0<a href=\"https:\/\/pixabay.com\/fr\/?utm_source=link-attribution&amp;utm_medium=referral&amp;utm_campaign=image&amp;utm_content=6795407\">Pixabay<\/a>\u00a0<\/p>\n<p><blockquote class=\"wp-embedded-content\" data-secret=\"nKVyksWeVm\"><a href=\"https:\/\/juliettepotin.com\/index.php\/2021\/11\/18\/quand-on-pense-cest-pas-possible\/\">Quand on pense : \u00ab\u00a0c&rsquo;est pas possible\u00a0\u00bb<\/a><\/blockquote><iframe loading=\"lazy\" class=\"wp-embedded-content\" sandbox=\"allow-scripts\" security=\"restricted\" style=\"position: absolute; clip: rect(1px, 1px, 1px, 1px);\" title=\"\u00ab\u00a0Quand on pense : \u00ab\u00a0c&rsquo;est pas possible\u00a0\u00bb\u00a0\u00bb &#8212; Expat coach\" src=\"https:\/\/juliettepotin.com\/index.php\/2021\/11\/18\/quand-on-pense-cest-pas-possible\/embed\/#?secret=HDbSmxpiIO#?secret=nKVyksWeVm\" data-secret=\"nKVyksWeVm\" width=\"500\" height=\"282\" frameborder=\"0\" marginwidth=\"0\" marginheight=\"0\" scrolling=\"no\"><\/iframe><\/p>\n<p><blockquote class=\"wp-embedded-content\" data-secret=\"RDQereTjI1\"><a href=\"https:\/\/juliettepotin.com\/index.php\/2021\/02\/19\/une-carriere-merci-mais-non-merci\/\">Une carri\u00e8re: merci mais non merci !<\/a><\/blockquote><iframe loading=\"lazy\" class=\"wp-embedded-content\" sandbox=\"allow-scripts\" security=\"restricted\" style=\"position: absolute; clip: rect(1px, 1px, 1px, 1px);\" title=\"\u00ab\u00a0Une carri\u00e8re: merci mais non merci !\u00a0\u00bb &#8212; Expat coach\" src=\"https:\/\/juliettepotin.com\/index.php\/2021\/02\/19\/une-carriere-merci-mais-non-merci\/embed\/#?secret=TLpPmuUTSz#?secret=RDQereTjI1\" data-secret=\"RDQereTjI1\" width=\"500\" height=\"282\" frameborder=\"0\" marginwidth=\"0\" marginheight=\"0\" scrolling=\"no\"><\/iframe><\/p>\n","protected":false},"excerpt":{"rendered":"<p>J\u2019adore interroger les personnes qui ont r\u00e9ussi leur reconversion. \u00a0Multi-expatri\u00e9e pendant 18 ans, m\u00e8re de 4 enfants, un mari r\u00e9guli\u00e8rement en d\u00e9placement, Karima est l\u2019une de ces superwoman ayant toujours [&hellip;]<\/p>\n","protected":false},"author":1,"featured_media":3023,"comment_status":"open","ping_status":"open","sticky":false,"template":"","format":"standard","meta":{"_exactmetrics_skip_tracking":false,"_exactmetrics_sitenote_active":false,"_exactmetrics_sitenote_note":"","_exactmetrics_sitenote_category":0,"footnotes":""},"categories":[197,172],"tags":[],"class_list":["post-3022","post","type-post","status-publish","format-standard","has-post-thumbnail","hentry","category-equilibre-vie-pro-vie-perso","category-recherche-emploi"],"yoast_head":"<!-- This site is optimized with the Yoast SEO plugin v27.5 - https:\/\/yoast.com\/product\/yoast-seo-wordpress\/ -->\n<title>Concilier vie pro et vie perso, c\u2019est possible ! L\u2019exemple de Karima - Expat coach<\/title>\n<meta name=\"description\" content=\"Plut\u00f4t que de voir ce besoin d\u2019\u00e9quilibre vie pro vie perso comme une contrainte, Karima construit son projet autour. Pari r\u00e9ussi !\" \/>\n<meta name=\"robots\" content=\"index, follow, max-snippet:-1, max-image-preview:large, max-video-preview:-1\" \/>\n<link rel=\"canonical\" href=\"https:\/\/juliettepotin.com\/index.php\/2022\/04\/15\/concilier-vie-pro-et-vie-perso-cest-possible-lexemple-de-karima\/\" \/>\n<meta property=\"og:locale\" content=\"fr_FR\" \/>\n<meta property=\"og:type\" content=\"article\" \/>\n<meta property=\"og:title\" content=\"Concilier vie pro et vie perso, c\u2019est possible ! L\u2019exemple de Karima - Expat coach\" \/>\n<meta property=\"og:description\" content=\"Plut\u00f4t que de voir ce besoin d\u2019\u00e9quilibre vie pro vie perso comme une contrainte, Karima construit son projet autour. Pari r\u00e9ussi !\" \/>\n<meta property=\"og:url\" content=\"https:\/\/juliettepotin.com\/index.php\/2022\/04\/15\/concilier-vie-pro-et-vie-perso-cest-possible-lexemple-de-karima\/\" \/>\n<meta property=\"og:site_name\" content=\"Expat coach\" \/>\n<meta property=\"article:publisher\" content=\"https:\/\/www.facebook.com\/PotinJulietteCoach\/\" \/>\n<meta property=\"article:author\" content=\"https:\/\/www.facebook.com\/PotinJulietteCoach\/\" \/>\n<meta property=\"article:published_time\" content=\"2022-04-15T09:27:00+00:00\" \/>\n<meta property=\"article:modified_time\" content=\"2022-06-07T10:23:58+00:00\" \/>\n<meta property=\"og:image\" content=\"https:\/\/juliettepotin.com\/wp-content\/uploads\/2022\/06\/Juliette-Potin_expat-coach_vie-concilier-pro-vie-perso.jpg\" \/>\n\t<meta property=\"og:image:width\" content=\"640\" \/>\n\t<meta property=\"og:image:height\" content=\"427\" \/>\n\t<meta property=\"og:image:type\" content=\"image\/jpeg\" \/>\n<meta name=\"author\" content=\"Juliette Potin\" \/>\n<meta name=\"twitter:card\" content=\"summary_large_image\" \/>\n<meta name=\"twitter:label1\" content=\"\u00c9crit par\" \/>\n\t<meta name=\"twitter:data1\" content=\"Juliette Potin\" \/>\n\t<meta name=\"twitter:label2\" content=\"Dur\u00e9e de lecture estim\u00e9e\" \/>\n\t<meta name=\"twitter:data2\" content=\"4 minutes\" \/>\n<script type=\"application\/ld+json\" class=\"yoast-schema-graph\">{\"@context\":\"https:\\\/\\\/schema.org\",\"@graph\":[{\"@type\":\"Article\",\"@id\":\"https:\\\/\\\/juliettepotin.com\\\/index.php\\\/2022\\\/04\\\/15\\\/concilier-vie-pro-et-vie-perso-cest-possible-lexemple-de-karima\\\/#article\",\"isPartOf\":{\"@id\":\"https:\\\/\\\/juliettepotin.com\\\/index.php\\\/2022\\\/04\\\/15\\\/concilier-vie-pro-et-vie-perso-cest-possible-lexemple-de-karima\\\/\"},\"author\":{\"name\":\"Juliette Potin\",\"@id\":\"https:\\\/\\\/juliettepotin.com\\\/#\\\/schema\\\/person\\\/ce6521de52bc72045131c9ea6e7dea42\"},\"headline\":\"Concilier vie pro et vie perso, c\u2019est possible ! L\u2019exemple de Karima\",\"datePublished\":\"2022-04-15T09:27:00+00:00\",\"dateModified\":\"2022-06-07T10:23:58+00:00\",\"mainEntityOfPage\":{\"@id\":\"https:\\\/\\\/juliettepotin.com\\\/index.php\\\/2022\\\/04\\\/15\\\/concilier-vie-pro-et-vie-perso-cest-possible-lexemple-de-karima\\\/\"},\"wordCount\":830,\"commentCount\":0,\"publisher\":{\"@id\":\"https:\\\/\\\/juliettepotin.com\\\/#\\\/schema\\\/person\\\/ce6521de52bc72045131c9ea6e7dea42\"},\"image\":{\"@id\":\"https:\\\/\\\/juliettepotin.com\\\/index.php\\\/2022\\\/04\\\/15\\\/concilier-vie-pro-et-vie-perso-cest-possible-lexemple-de-karima\\\/#primaryimage\"},\"thumbnailUrl\":\"https:\\\/\\\/juliettepotin.com\\\/wp-content\\\/uploads\\\/2022\\\/06\\\/Juliette-Potin_expat-coach_vie-concilier-pro-vie-perso.jpg\",\"articleSection\":[\"Equilibre vie pro vie perso\",\"Recherche emploi\"],\"inLanguage\":\"fr-FR\",\"potentialAction\":[{\"@type\":\"CommentAction\",\"name\":\"Comment\",\"target\":[\"https:\\\/\\\/juliettepotin.com\\\/index.php\\\/2022\\\/04\\\/15\\\/concilier-vie-pro-et-vie-perso-cest-possible-lexemple-de-karima\\\/#respond\"]}]},{\"@type\":\"WebPage\",\"@id\":\"https:\\\/\\\/juliettepotin.com\\\/index.php\\\/2022\\\/04\\\/15\\\/concilier-vie-pro-et-vie-perso-cest-possible-lexemple-de-karima\\\/\",\"url\":\"https:\\\/\\\/juliettepotin.com\\\/index.php\\\/2022\\\/04\\\/15\\\/concilier-vie-pro-et-vie-perso-cest-possible-lexemple-de-karima\\\/\",\"name\":\"Concilier vie pro et vie perso, c\u2019est possible ! L\u2019exemple de Karima - Expat coach\",\"isPartOf\":{\"@id\":\"https:\\\/\\\/juliettepotin.com\\\/#website\"},\"primaryImageOfPage\":{\"@id\":\"https:\\\/\\\/juliettepotin.com\\\/index.php\\\/2022\\\/04\\\/15\\\/concilier-vie-pro-et-vie-perso-cest-possible-lexemple-de-karima\\\/#primaryimage\"},\"image\":{\"@id\":\"https:\\\/\\\/juliettepotin.com\\\/index.php\\\/2022\\\/04\\\/15\\\/concilier-vie-pro-et-vie-perso-cest-possible-lexemple-de-karima\\\/#primaryimage\"},\"thumbnailUrl\":\"https:\\\/\\\/juliettepotin.com\\\/wp-content\\\/uploads\\\/2022\\\/06\\\/Juliette-Potin_expat-coach_vie-concilier-pro-vie-perso.jpg\",\"datePublished\":\"2022-04-15T09:27:00+00:00\",\"dateModified\":\"2022-06-07T10:23:58+00:00\",\"description\":\"Plut\u00f4t que de voir ce besoin d\u2019\u00e9quilibre vie pro vie perso comme une contrainte, Karima construit son projet autour. Pari r\u00e9ussi !\",\"breadcrumb\":{\"@id\":\"https:\\\/\\\/juliettepotin.com\\\/index.php\\\/2022\\\/04\\\/15\\\/concilier-vie-pro-et-vie-perso-cest-possible-lexemple-de-karima\\\/#breadcrumb\"},\"inLanguage\":\"fr-FR\",\"potentialAction\":[{\"@type\":\"ReadAction\",\"target\":[\"https:\\\/\\\/juliettepotin.com\\\/index.php\\\/2022\\\/04\\\/15\\\/concilier-vie-pro-et-vie-perso-cest-possible-lexemple-de-karima\\\/\"]}]},{\"@type\":\"ImageObject\",\"inLanguage\":\"fr-FR\",\"@id\":\"https:\\\/\\\/juliettepotin.com\\\/index.php\\\/2022\\\/04\\\/15\\\/concilier-vie-pro-et-vie-perso-cest-possible-lexemple-de-karima\\\/#primaryimage\",\"url\":\"https:\\\/\\\/juliettepotin.com\\\/wp-content\\\/uploads\\\/2022\\\/06\\\/Juliette-Potin_expat-coach_vie-concilier-pro-vie-perso.jpg\",\"contentUrl\":\"https:\\\/\\\/juliettepotin.com\\\/wp-content\\\/uploads\\\/2022\\\/06\\\/Juliette-Potin_expat-coach_vie-concilier-pro-vie-perso.jpg\",\"width\":640,\"height\":427,\"caption\":\"concilier vie pro vie perso\"},{\"@type\":\"BreadcrumbList\",\"@id\":\"https:\\\/\\\/juliettepotin.com\\\/index.php\\\/2022\\\/04\\\/15\\\/concilier-vie-pro-et-vie-perso-cest-possible-lexemple-de-karima\\\/#breadcrumb\",\"itemListElement\":[{\"@type\":\"ListItem\",\"position\":1,\"name\":\"Home\",\"item\":\"https:\\\/\\\/juliettepotin.com\\\/\"},{\"@type\":\"ListItem\",\"position\":2,\"name\":\"Concilier vie pro et vie perso, c\u2019est possible ! L\u2019exemple de Karima\"}]},{\"@type\":\"WebSite\",\"@id\":\"https:\\\/\\\/juliettepotin.com\\\/#website\",\"url\":\"https:\\\/\\\/juliettepotin.com\\\/\",\"name\":\"Expat coach\",\"description\":\"The start of a new YOU\",\"publisher\":{\"@id\":\"https:\\\/\\\/juliettepotin.com\\\/#\\\/schema\\\/person\\\/ce6521de52bc72045131c9ea6e7dea42\"},\"potentialAction\":[{\"@type\":\"SearchAction\",\"target\":{\"@type\":\"EntryPoint\",\"urlTemplate\":\"https:\\\/\\\/juliettepotin.com\\\/?s={search_term_string}\"},\"query-input\":{\"@type\":\"PropertyValueSpecification\",\"valueRequired\":true,\"valueName\":\"search_term_string\"}}],\"inLanguage\":\"fr-FR\"},{\"@type\":[\"Person\",\"Organization\"],\"@id\":\"https:\\\/\\\/juliettepotin.com\\\/#\\\/schema\\\/person\\\/ce6521de52bc72045131c9ea6e7dea42\",\"name\":\"Juliette Potin\",\"image\":{\"@type\":\"ImageObject\",\"inLanguage\":\"fr-FR\",\"@id\":\"https:\\\/\\\/juliettepotin.com\\\/wp-content\\\/uploads\\\/2023\\\/01\\\/22006D7C-5B64-4226-B2A7-B43CE0FB4C0F_1_201_a-970x1024.png\",\"url\":\"https:\\\/\\\/juliettepotin.com\\\/wp-content\\\/uploads\\\/2023\\\/01\\\/22006D7C-5B64-4226-B2A7-B43CE0FB4C0F_1_201_a-970x1024.png\",\"contentUrl\":\"https:\\\/\\\/juliettepotin.com\\\/wp-content\\\/uploads\\\/2023\\\/01\\\/22006D7C-5B64-4226-B2A7-B43CE0FB4C0F_1_201_a-970x1024.png\",\"width\":970,\"height\":1024,\"caption\":\"Juliette Potin\"},\"logo\":{\"@id\":\"https:\\\/\\\/juliettepotin.com\\\/wp-content\\\/uploads\\\/2023\\\/01\\\/22006D7C-5B64-4226-B2A7-B43CE0FB4C0F_1_201_a-970x1024.png\"},\"description\":\"Je suis Juliette Potin, coach professionnelle depuis 2018. J'ai v\u00e9cu plusieurs ann\u00e9es \u00e0 l'\u00e9tranger,notamment aux Etats-Unis o\u00f9 je me retrouve \u00e0 la maison apr\u00e8s 15 ans de postes \u00e0 responsabilit\u00e9 dans l'industrie. L'exp\u00e9rience de ne plus pouvoir me d\u00e9finir par mon statut social est d\u00e9stabilisante, celle d'avoir du temps devant moi : vertigineuse! Petit \u00e0 petit, en me reconnectant \u00e0 moi-m\u00eame et \u00e0 mes aspirations, je me suis autoris\u00e9e \u00e0 me r\u00e9-inventer. Aujourd'hui de retour en France, j'accompagne les personnes qui ont un temps mis leur carri\u00e8re entre parenth\u00e8ses, \u00e0 reprendre confiance, r\u00e9v\u00e9ler leurs talents et suivre leurs \u00e9lans pour (re)trouver une activit\u00e9 pro align\u00e9e avec qui elles sont.\",\"sameAs\":[\"https:\\\/\\\/www.facebook.com\\\/PotinJulietteCoach\\\/\",\"https:\\\/\\\/www.linkedin.com\\\/in\\\/juliette-potin-expat-coach\\\/\"]}]}<\/script>\n<!-- \/ Yoast SEO plugin. -->","yoast_head_json":{"title":"Concilier vie pro et vie perso, c\u2019est possible ! L\u2019exemple de Karima - Expat coach","description":"Plut\u00f4t que de voir ce besoin d\u2019\u00e9quilibre vie pro vie perso comme une contrainte, Karima construit son projet autour. Pari r\u00e9ussi !","robots":{"index":"index","follow":"follow","max-snippet":"max-snippet:-1","max-image-preview":"max-image-preview:large","max-video-preview":"max-video-preview:-1"},"canonical":"https:\/\/juliettepotin.com\/index.php\/2022\/04\/15\/concilier-vie-pro-et-vie-perso-cest-possible-lexemple-de-karima\/","og_locale":"fr_FR","og_type":"article","og_title":"Concilier vie pro et vie perso, c\u2019est possible ! L\u2019exemple de Karima - Expat coach","og_description":"Plut\u00f4t que de voir ce besoin d\u2019\u00e9quilibre vie pro vie perso comme une contrainte, Karima construit son projet autour. Pari r\u00e9ussi !","og_url":"https:\/\/juliettepotin.com\/index.php\/2022\/04\/15\/concilier-vie-pro-et-vie-perso-cest-possible-lexemple-de-karima\/","og_site_name":"Expat coach","article_publisher":"https:\/\/www.facebook.com\/PotinJulietteCoach\/","article_author":"https:\/\/www.facebook.com\/PotinJulietteCoach\/","article_published_time":"2022-04-15T09:27:00+00:00","article_modified_time":"2022-06-07T10:23:58+00:00","og_image":[{"width":640,"height":427,"url":"https:\/\/juliettepotin.com\/wp-content\/uploads\/2022\/06\/Juliette-Potin_expat-coach_vie-concilier-pro-vie-perso.jpg","type":"image\/jpeg"}],"author":"Juliette Potin","twitter_card":"summary_large_image","twitter_misc":{"\u00c9crit par":"Juliette Potin","Dur\u00e9e de lecture estim\u00e9e":"4 minutes"},"schema":{"@context":"https:\/\/schema.org","@graph":[{"@type":"Article","@id":"https:\/\/juliettepotin.com\/index.php\/2022\/04\/15\/concilier-vie-pro-et-vie-perso-cest-possible-lexemple-de-karima\/#article","isPartOf":{"@id":"https:\/\/juliettepotin.com\/index.php\/2022\/04\/15\/concilier-vie-pro-et-vie-perso-cest-possible-lexemple-de-karima\/"},"author":{"name":"Juliette Potin","@id":"https:\/\/juliettepotin.com\/#\/schema\/person\/ce6521de52bc72045131c9ea6e7dea42"},"headline":"Concilier vie pro et vie perso, c\u2019est possible ! L\u2019exemple de Karima","datePublished":"2022-04-15T09:27:00+00:00","dateModified":"2022-06-07T10:23:58+00:00","mainEntityOfPage":{"@id":"https:\/\/juliettepotin.com\/index.php\/2022\/04\/15\/concilier-vie-pro-et-vie-perso-cest-possible-lexemple-de-karima\/"},"wordCount":830,"commentCount":0,"publisher":{"@id":"https:\/\/juliettepotin.com\/#\/schema\/person\/ce6521de52bc72045131c9ea6e7dea42"},"image":{"@id":"https:\/\/juliettepotin.com\/index.php\/2022\/04\/15\/concilier-vie-pro-et-vie-perso-cest-possible-lexemple-de-karima\/#primaryimage"},"thumbnailUrl":"https:\/\/juliettepotin.com\/wp-content\/uploads\/2022\/06\/Juliette-Potin_expat-coach_vie-concilier-pro-vie-perso.jpg","articleSection":["Equilibre vie pro vie perso","Recherche emploi"],"inLanguage":"fr-FR","potentialAction":[{"@type":"CommentAction","name":"Comment","target":["https:\/\/juliettepotin.com\/index.php\/2022\/04\/15\/concilier-vie-pro-et-vie-perso-cest-possible-lexemple-de-karima\/#respond"]}]},{"@type":"WebPage","@id":"https:\/\/juliettepotin.com\/index.php\/2022\/04\/15\/concilier-vie-pro-et-vie-perso-cest-possible-lexemple-de-karima\/","url":"https:\/\/juliettepotin.com\/index.php\/2022\/04\/15\/concilier-vie-pro-et-vie-perso-cest-possible-lexemple-de-karima\/","name":"Concilier vie pro et vie perso, c\u2019est possible ! L\u2019exemple de Karima - Expat coach","isPartOf":{"@id":"https:\/\/juliettepotin.com\/#website"},"primaryImageOfPage":{"@id":"https:\/\/juliettepotin.com\/index.php\/2022\/04\/15\/concilier-vie-pro-et-vie-perso-cest-possible-lexemple-de-karima\/#primaryimage"},"image":{"@id":"https:\/\/juliettepotin.com\/index.php\/2022\/04\/15\/concilier-vie-pro-et-vie-perso-cest-possible-lexemple-de-karima\/#primaryimage"},"thumbnailUrl":"https:\/\/juliettepotin.com\/wp-content\/uploads\/2022\/06\/Juliette-Potin_expat-coach_vie-concilier-pro-vie-perso.jpg","datePublished":"2022-04-15T09:27:00+00:00","dateModified":"2022-06-07T10:23:58+00:00","description":"Plut\u00f4t que de voir ce besoin d\u2019\u00e9quilibre vie pro vie perso comme une contrainte, Karima construit son projet autour. Pari r\u00e9ussi !","breadcrumb":{"@id":"https:\/\/juliettepotin.com\/index.php\/2022\/04\/15\/concilier-vie-pro-et-vie-perso-cest-possible-lexemple-de-karima\/#breadcrumb"},"inLanguage":"fr-FR","potentialAction":[{"@type":"ReadAction","target":["https:\/\/juliettepotin.com\/index.php\/2022\/04\/15\/concilier-vie-pro-et-vie-perso-cest-possible-lexemple-de-karima\/"]}]},{"@type":"ImageObject","inLanguage":"fr-FR","@id":"https:\/\/juliettepotin.com\/index.php\/2022\/04\/15\/concilier-vie-pro-et-vie-perso-cest-possible-lexemple-de-karima\/#primaryimage","url":"https:\/\/juliettepotin.com\/wp-content\/uploads\/2022\/06\/Juliette-Potin_expat-coach_vie-concilier-pro-vie-perso.jpg","contentUrl":"https:\/\/juliettepotin.com\/wp-content\/uploads\/2022\/06\/Juliette-Potin_expat-coach_vie-concilier-pro-vie-perso.jpg","width":640,"height":427,"caption":"concilier vie pro vie perso"},{"@type":"BreadcrumbList","@id":"https:\/\/juliettepotin.com\/index.php\/2022\/04\/15\/concilier-vie-pro-et-vie-perso-cest-possible-lexemple-de-karima\/#breadcrumb","itemListElement":[{"@type":"ListItem","position":1,"name":"Home","item":"https:\/\/juliettepotin.com\/"},{"@type":"ListItem","position":2,"name":"Concilier vie pro et vie perso, c\u2019est possible ! L\u2019exemple de Karima"}]},{"@type":"WebSite","@id":"https:\/\/juliettepotin.com\/#website","url":"https:\/\/juliettepotin.com\/","name":"Expat coach","description":"The start of a new YOU","publisher":{"@id":"https:\/\/juliettepotin.com\/#\/schema\/person\/ce6521de52bc72045131c9ea6e7dea42"},"potentialAction":[{"@type":"SearchAction","target":{"@type":"EntryPoint","urlTemplate":"https:\/\/juliettepotin.com\/?s={search_term_string}"},"query-input":{"@type":"PropertyValueSpecification","valueRequired":true,"valueName":"search_term_string"}}],"inLanguage":"fr-FR"},{"@type":["Person","Organization"],"@id":"https:\/\/juliettepotin.com\/#\/schema\/person\/ce6521de52bc72045131c9ea6e7dea42","name":"Juliette Potin","image":{"@type":"ImageObject","inLanguage":"fr-FR","@id":"https:\/\/juliettepotin.com\/wp-content\/uploads\/2023\/01\/22006D7C-5B64-4226-B2A7-B43CE0FB4C0F_1_201_a-970x1024.png","url":"https:\/\/juliettepotin.com\/wp-content\/uploads\/2023\/01\/22006D7C-5B64-4226-B2A7-B43CE0FB4C0F_1_201_a-970x1024.png","contentUrl":"https:\/\/juliettepotin.com\/wp-content\/uploads\/2023\/01\/22006D7C-5B64-4226-B2A7-B43CE0FB4C0F_1_201_a-970x1024.png","width":970,"height":1024,"caption":"Juliette Potin"},"logo":{"@id":"https:\/\/juliettepotin.com\/wp-content\/uploads\/2023\/01\/22006D7C-5B64-4226-B2A7-B43CE0FB4C0F_1_201_a-970x1024.png"},"description":"Je suis Juliette Potin, coach professionnelle depuis 2018. J'ai v\u00e9cu plusieurs ann\u00e9es \u00e0 l'\u00e9tranger,notamment aux Etats-Unis o\u00f9 je me retrouve \u00e0 la maison apr\u00e8s 15 ans de postes \u00e0 responsabilit\u00e9 dans l'industrie. L'exp\u00e9rience de ne plus pouvoir me d\u00e9finir par mon statut social est d\u00e9stabilisante, celle d'avoir du temps devant moi : vertigineuse! Petit \u00e0 petit, en me reconnectant \u00e0 moi-m\u00eame et \u00e0 mes aspirations, je me suis autoris\u00e9e \u00e0 me r\u00e9-inventer. Aujourd'hui de retour en France, j'accompagne les personnes qui ont un temps mis leur carri\u00e8re entre parenth\u00e8ses, \u00e0 reprendre confiance, r\u00e9v\u00e9ler leurs talents et suivre leurs \u00e9lans pour (re)trouver une activit\u00e9 pro align\u00e9e avec qui elles sont.","sameAs":["https:\/\/www.facebook.com\/PotinJulietteCoach\/","https:\/\/www.linkedin.com\/in\/juliette-potin-expat-coach\/"]}]}},"_links":{"self":[{"href":"https:\/\/juliettepotin.com\/index.php\/wp-json\/wp\/v2\/posts\/3022","targetHints":{"allow":["GET"]}}],"collection":[{"href":"https:\/\/juliettepotin.com\/index.php\/wp-json\/wp\/v2\/posts"}],"about":[{"href":"https:\/\/juliettepotin.com\/index.php\/wp-json\/wp\/v2\/types\/post"}],"author":[{"embeddable":true,"href":"https:\/\/juliettepotin.com\/index.php\/wp-json\/wp\/v2\/users\/1"}],"replies":[{"embeddable":true,"href":"https:\/\/juliettepotin.com\/index.php\/wp-json\/wp\/v2\/comments?post=3022"}],"version-history":[{"count":0,"href":"https:\/\/juliettepotin.com\/index.php\/wp-json\/wp\/v2\/posts\/3022\/revisions"}],"wp:featuredmedia":[{"embeddable":true,"href":"https:\/\/juliettepotin.com\/index.php\/wp-json\/wp\/v2\/media\/3023"}],"wp:attachment":[{"href":"https:\/\/juliettepotin.com\/index.php\/wp-json\/wp\/v2\/media?parent=3022"}],"wp:term":[{"taxonomy":"category","embeddable":true,"href":"https:\/\/juliettepotin.com\/index.php\/wp-json\/wp\/v2\/categories?post=3022"},{"taxonomy":"post_tag","embeddable":true,"href":"https:\/\/juliettepotin.com\/index.php\/wp-json\/wp\/v2\/tags?post=3022"}],"curies":[{"name":"wp","href":"https:\/\/api.w.org\/{rel}","templated":true}]}}