{"id":2928,"date":"2021-11-03T09:25:34","date_gmt":"2021-11-03T08:25:34","guid":{"rendered":"https:\/\/juliettepotin.com\/?p=2928"},"modified":"2026-04-11T15:37:28","modified_gmt":"2026-04-11T13:37:28","slug":"pourquoi-je-ne-fais-pas-de-cure-de-vitamine","status":"publish","type":"post","link":"https:\/\/juliettepotin.com\/index.php\/2021\/11\/03\/pourquoi-je-ne-fais-pas-de-cure-de-vitamine\/","title":{"rendered":"Pourquoi je ne fais pas de cure de vitamine"},"content":{"rendered":"\n<p>J\u2019ai la chance d\u2019avoir la vue sur un arbre depuis mon bureau. Je vois ses feuilles qui jaunissent puis brunissent avant de tomber. Et ce matin, j\u2019ai vu un \u00e9cureuil qui cassait une branche, peut-\u00eatre pour fignoler son nid pour l\u2019hiver.\u00a0Moi aussi je sens que je change de saison. J\u2019ai besoin de plus dormir, de ralentir le rythme. Lorsque j\u2019explique \u00e7a \u00e0 une amie, elle me dit\u00a0: fais une cure de vitamine\u00a0!<!--more--><\/p>\n<p>Sa remarque me questionne. Je n\u2019ai pas dit que ce ralentissement \u00e9tait un probl\u00e8me pour moi. Devrait-il l\u2019\u00eatre\u00a0? Devrais-je donner un coup de boost \u00e0 mon organisme en faisant une cure de vitamine ou de quoi que ce soit\u00a0d\u2019autre ? Je ne crois pas. Tout comme je ne vais pas r\u00e9chauffer l\u2019arbre devant ma fen\u00eatre ni lui apporter de l\u2019engrais pour qu\u2019il garde son feuillage.<\/p>\n<p>Je suis convaincue que mon corps est tout \u00e0 fait capable d\u2019\u00eatre en pleine sant\u00e9 sans compl\u00e9ment. Si je l\u2019\u00e9coute, je peux rester en forme toute l\u2019ann\u00e9e. A l\u2019inverse, si je passe \u00e0 c\u00f4t\u00e9 des signaux qu\u2019il m\u2019envoie, je tombe malade. Alors si je suis fatigu\u00e9e et si je tousse depuis plusieurs semaines, c\u2019est parce que mon corps me passe un message que je n\u2019ai pas encore d\u00e9cod\u00e9.<\/p>\n<p>La cause de ma fatigue ou de ma maladie n\u2019est jamais \u00e0 l\u2019ext\u00e9rieur de moi. Ce n\u2019est pas parce qu\u2019il fait froid ou parce que j\u2019ai attrap\u00e9 un rhume. \u00c7a ce sont les raisons qui m\u2019arrangent parce qu\u2019elles m\u2019\u00e9vitent de me remettre trop en question.<\/p>\n<p>En r\u00e9alit\u00e9, si je prends le temps d\u2019\u00e9couter ce qui se passe \u00e0 l\u2019int\u00e9rieur de moi et ce que mon corps a \u00e0 me dire, je per\u00e7ois tr\u00e8s clairement que j\u2019ai besoin d\u2019all\u00e9ger mes journ\u00e9es, d\u2019avoir un temps de respiration entre deux s\u00e9ances avec mes clients et surtout de prendre soin de mon<a href=\"https:\/\/juliettepotin.com\/index.php\/2021\/07\/02\/reconnecter-a-son-ame-denfant\/\"> \u00e2me d\u2019enfant<\/a>.<\/p>\n<p>Du coup je me suis octroy\u00e9e une balade au soleil cet apr\u00e8s-midi. Et m\u00eame un arr\u00eat au parc de jeux pour squatter la balan\u00e7oire quelques instants\u00a0! Je sais que cette ordonnance, \u00e0 renouveler, sera bien plus efficace pour moi qu\u2019une cure de vitamine\u00a0!<\/p>\n<p>Et vous, savez-vous d\u00e9coder ce dont votre corps et votre \u00e2me ont besoin\u00a0?<\/p>\n<p>PS\u00a0: Si votre corps \u00e0 vous vous dit de faire une cure de vitamine, \u00e9coutez-le\u00a0!<\/p>\n<p>PS2\u00a0: Si vous voulez apprendre \u00e0 vous reconnecter \u00e0 votre sagesse int\u00e9rieure pour d\u00e9coder ce dont vous avez besoin, <a href=\"https:\/\/juliettepotin.com\/index.php\/faites-de-votre-experience-a-letranger-le-tournant-de-votre-vie\/seance-gratuite-dexploration\/\">parlons-nous<\/a>\u00a0!<\/p>\n<p><a href=\"https:\/\/pixabay.com\/fr\/users\/sprinter_lucio-2085973\/\">Cr\u00e9dit photo<\/a><\/p>\n","protected":false},"excerpt":{"rendered":"<p>J\u2019ai la chance d\u2019avoir la vue sur un arbre depuis mon bureau. Je vois ses feuilles qui jaunissent puis brunissent avant de tomber. Et ce matin, j\u2019ai vu un \u00e9cureuil [&hellip;]<\/p>\n","protected":false},"author":1,"featured_media":2932,"comment_status":"open","ping_status":"open","sticky":false,"template":"","format":"standard","meta":{"_exactmetrics_skip_tracking":false,"_exactmetrics_sitenote_active":false,"_exactmetrics_sitenote_note":"","_exactmetrics_sitenote_category":0,"footnotes":"","tve_updated_post":"","tve_custom_css":"","tve_user_custom_css":"","tve_globals":{},"tcb2_ready":0,"tcb_editor_enabled":0,"tve_landing_page":"","_tve_header":"","_tve_footer":""},"categories":[225],"tags":[],"class_list":["post-2928","post","type-post","status-publish","format-standard","has-post-thumbnail","hentry","category-lecon-du-quotidien"],"yoast_head":"<!-- This site is optimized with the Yoast SEO plugin v27.5 - https:\/\/yoast.com\/product\/yoast-seo-wordpress\/ -->\n<title>Pourquoi je ne fais pas de cure de vitamine - Expat coach<\/title>\n<meta name=\"description\" content=\"Je sens que je change de saison. J\u2019ai besoin de plus dormir, de ralentir le rythme. Une amie me dit\u00a0: fais une cure de vitamine\u00a0!\" \/>\n<meta name=\"robots\" content=\"index, follow, max-snippet:-1, max-image-preview:large, max-video-preview:-1\" \/>\n<link rel=\"canonical\" href=\"https:\/\/juliettepotin.com\/index.php\/2021\/11\/03\/pourquoi-je-ne-fais-pas-de-cure-de-vitamine\/\" \/>\n<meta property=\"og:locale\" content=\"fr_FR\" \/>\n<meta property=\"og:type\" content=\"article\" \/>\n<meta property=\"og:title\" content=\"Pourquoi je ne fais pas de cure de vitamine - Expat coach\" \/>\n<meta property=\"og:description\" content=\"Je sens que je change de saison. J\u2019ai besoin de plus dormir, de ralentir le rythme. Une amie me dit\u00a0: fais une cure de vitamine\u00a0!\" \/>\n<meta property=\"og:url\" content=\"https:\/\/juliettepotin.com\/index.php\/2021\/11\/03\/pourquoi-je-ne-fais-pas-de-cure-de-vitamine\/\" \/>\n<meta property=\"og:site_name\" content=\"Expat coach\" \/>\n<meta property=\"article:publisher\" content=\"https:\/\/www.facebook.com\/PotinJulietteCoach\/\" \/>\n<meta property=\"article:author\" content=\"https:\/\/www.facebook.com\/PotinJulietteCoach\/\" \/>\n<meta property=\"article:published_time\" content=\"2021-11-03T08:25:34+00:00\" \/>\n<meta property=\"article:modified_time\" content=\"2026-04-11T13:37:28+00:00\" \/>\n<meta property=\"og:image\" content=\"https:\/\/juliettepotin.com\/wp-content\/uploads\/2021\/11\/Juliette-Potin_expatcoach_cure-vitamine-copie.jpg\" \/>\n\t<meta property=\"og:image:width\" content=\"640\" \/>\n\t<meta property=\"og:image:height\" content=\"427\" \/>\n\t<meta property=\"og:image:type\" content=\"image\/jpeg\" \/>\n<meta name=\"author\" content=\"Juliette Potin\" \/>\n<meta name=\"twitter:card\" content=\"summary_large_image\" \/>\n<meta name=\"twitter:label1\" content=\"\u00c9crit par\" \/>\n\t<meta name=\"twitter:data1\" content=\"Juliette Potin\" \/>\n\t<meta name=\"twitter:label2\" content=\"Dur\u00e9e de lecture estim\u00e9e\" \/>\n\t<meta name=\"twitter:data2\" content=\"3 minutes\" \/>\n<script type=\"application\/ld+json\" class=\"yoast-schema-graph\">{\"@context\":\"https:\\\/\\\/schema.org\",\"@graph\":[{\"@type\":\"Article\",\"@id\":\"https:\\\/\\\/juliettepotin.com\\\/index.php\\\/2021\\\/11\\\/03\\\/pourquoi-je-ne-fais-pas-de-cure-de-vitamine\\\/#article\",\"isPartOf\":{\"@id\":\"https:\\\/\\\/juliettepotin.com\\\/index.php\\\/2021\\\/11\\\/03\\\/pourquoi-je-ne-fais-pas-de-cure-de-vitamine\\\/\"},\"author\":{\"name\":\"Juliette Potin\",\"@id\":\"https:\\\/\\\/juliettepotin.com\\\/#\\\/schema\\\/person\\\/ce6521de52bc72045131c9ea6e7dea42\"},\"headline\":\"Pourquoi je ne fais pas de cure de vitamine\",\"datePublished\":\"2021-11-03T08:25:34+00:00\",\"dateModified\":\"2026-04-11T13:37:28+00:00\",\"mainEntityOfPage\":{\"@id\":\"https:\\\/\\\/juliettepotin.com\\\/index.php\\\/2021\\\/11\\\/03\\\/pourquoi-je-ne-fais-pas-de-cure-de-vitamine\\\/\"},\"wordCount\":458,\"commentCount\":0,\"publisher\":{\"@id\":\"https:\\\/\\\/juliettepotin.com\\\/#\\\/schema\\\/person\\\/ce6521de52bc72045131c9ea6e7dea42\"},\"image\":{\"@id\":\"https:\\\/\\\/juliettepotin.com\\\/index.php\\\/2021\\\/11\\\/03\\\/pourquoi-je-ne-fais-pas-de-cure-de-vitamine\\\/#primaryimage\"},\"thumbnailUrl\":\"https:\\\/\\\/juliettepotin.com\\\/wp-content\\\/uploads\\\/2021\\\/11\\\/Juliette-Potin_expatcoach_cure-vitamine-copie.jpg\",\"articleSection\":[\"le\u00e7on du quotidien\"],\"inLanguage\":\"fr-FR\",\"potentialAction\":[{\"@type\":\"CommentAction\",\"name\":\"Comment\",\"target\":[\"https:\\\/\\\/juliettepotin.com\\\/index.php\\\/2021\\\/11\\\/03\\\/pourquoi-je-ne-fais-pas-de-cure-de-vitamine\\\/#respond\"]}]},{\"@type\":\"WebPage\",\"@id\":\"https:\\\/\\\/juliettepotin.com\\\/index.php\\\/2021\\\/11\\\/03\\\/pourquoi-je-ne-fais-pas-de-cure-de-vitamine\\\/\",\"url\":\"https:\\\/\\\/juliettepotin.com\\\/index.php\\\/2021\\\/11\\\/03\\\/pourquoi-je-ne-fais-pas-de-cure-de-vitamine\\\/\",\"name\":\"Pourquoi je ne fais pas de cure de vitamine - Expat coach\",\"isPartOf\":{\"@id\":\"https:\\\/\\\/juliettepotin.com\\\/#website\"},\"primaryImageOfPage\":{\"@id\":\"https:\\\/\\\/juliettepotin.com\\\/index.php\\\/2021\\\/11\\\/03\\\/pourquoi-je-ne-fais-pas-de-cure-de-vitamine\\\/#primaryimage\"},\"image\":{\"@id\":\"https:\\\/\\\/juliettepotin.com\\\/index.php\\\/2021\\\/11\\\/03\\\/pourquoi-je-ne-fais-pas-de-cure-de-vitamine\\\/#primaryimage\"},\"thumbnailUrl\":\"https:\\\/\\\/juliettepotin.com\\\/wp-content\\\/uploads\\\/2021\\\/11\\\/Juliette-Potin_expatcoach_cure-vitamine-copie.jpg\",\"datePublished\":\"2021-11-03T08:25:34+00:00\",\"dateModified\":\"2026-04-11T13:37:28+00:00\",\"description\":\"Je sens que je change de saison. J\u2019ai besoin de plus dormir, de ralentir le rythme. Une amie me dit\u00a0: fais une cure de vitamine\u00a0!\",\"breadcrumb\":{\"@id\":\"https:\\\/\\\/juliettepotin.com\\\/index.php\\\/2021\\\/11\\\/03\\\/pourquoi-je-ne-fais-pas-de-cure-de-vitamine\\\/#breadcrumb\"},\"inLanguage\":\"fr-FR\",\"potentialAction\":[{\"@type\":\"ReadAction\",\"target\":[\"https:\\\/\\\/juliettepotin.com\\\/index.php\\\/2021\\\/11\\\/03\\\/pourquoi-je-ne-fais-pas-de-cure-de-vitamine\\\/\"]}]},{\"@type\":\"ImageObject\",\"inLanguage\":\"fr-FR\",\"@id\":\"https:\\\/\\\/juliettepotin.com\\\/index.php\\\/2021\\\/11\\\/03\\\/pourquoi-je-ne-fais-pas-de-cure-de-vitamine\\\/#primaryimage\",\"url\":\"https:\\\/\\\/juliettepotin.com\\\/wp-content\\\/uploads\\\/2021\\\/11\\\/Juliette-Potin_expatcoach_cure-vitamine-copie.jpg\",\"contentUrl\":\"https:\\\/\\\/juliettepotin.com\\\/wp-content\\\/uploads\\\/2021\\\/11\\\/Juliette-Potin_expatcoach_cure-vitamine-copie.jpg\",\"width\":640,\"height\":427},{\"@type\":\"BreadcrumbList\",\"@id\":\"https:\\\/\\\/juliettepotin.com\\\/index.php\\\/2021\\\/11\\\/03\\\/pourquoi-je-ne-fais-pas-de-cure-de-vitamine\\\/#breadcrumb\",\"itemListElement\":[{\"@type\":\"ListItem\",\"position\":1,\"name\":\"Home\",\"item\":\"https:\\\/\\\/juliettepotin.com\\\/\"},{\"@type\":\"ListItem\",\"position\":2,\"name\":\"Pourquoi je ne fais pas de cure de vitamine\"}]},{\"@type\":\"WebSite\",\"@id\":\"https:\\\/\\\/juliettepotin.com\\\/#website\",\"url\":\"https:\\\/\\\/juliettepotin.com\\\/\",\"name\":\"Expat coach\",\"description\":\"The start of a new YOU\",\"publisher\":{\"@id\":\"https:\\\/\\\/juliettepotin.com\\\/#\\\/schema\\\/person\\\/ce6521de52bc72045131c9ea6e7dea42\"},\"potentialAction\":[{\"@type\":\"SearchAction\",\"target\":{\"@type\":\"EntryPoint\",\"urlTemplate\":\"https:\\\/\\\/juliettepotin.com\\\/?s={search_term_string}\"},\"query-input\":{\"@type\":\"PropertyValueSpecification\",\"valueRequired\":true,\"valueName\":\"search_term_string\"}}],\"inLanguage\":\"fr-FR\"},{\"@type\":[\"Person\",\"Organization\"],\"@id\":\"https:\\\/\\\/juliettepotin.com\\\/#\\\/schema\\\/person\\\/ce6521de52bc72045131c9ea6e7dea42\",\"name\":\"Juliette Potin\",\"image\":{\"@type\":\"ImageObject\",\"inLanguage\":\"fr-FR\",\"@id\":\"https:\\\/\\\/juliettepotin.com\\\/wp-content\\\/uploads\\\/2023\\\/01\\\/22006D7C-5B64-4226-B2A7-B43CE0FB4C0F_1_201_a-970x1024.png\",\"url\":\"https:\\\/\\\/juliettepotin.com\\\/wp-content\\\/uploads\\\/2023\\\/01\\\/22006D7C-5B64-4226-B2A7-B43CE0FB4C0F_1_201_a-970x1024.png\",\"contentUrl\":\"https:\\\/\\\/juliettepotin.com\\\/wp-content\\\/uploads\\\/2023\\\/01\\\/22006D7C-5B64-4226-B2A7-B43CE0FB4C0F_1_201_a-970x1024.png\",\"width\":970,\"height\":1024,\"caption\":\"Juliette Potin\"},\"logo\":{\"@id\":\"https:\\\/\\\/juliettepotin.com\\\/wp-content\\\/uploads\\\/2023\\\/01\\\/22006D7C-5B64-4226-B2A7-B43CE0FB4C0F_1_201_a-970x1024.png\"},\"description\":\"Je suis Juliette Potin, coach professionnelle depuis 2018. J'ai v\u00e9cu plusieurs ann\u00e9es \u00e0 l'\u00e9tranger,notamment aux Etats-Unis o\u00f9 je me retrouve \u00e0 la maison apr\u00e8s 15 ans de postes \u00e0 responsabilit\u00e9 dans l'industrie. L'exp\u00e9rience de ne plus pouvoir me d\u00e9finir par mon statut social est d\u00e9stabilisante, celle d'avoir du temps devant moi : vertigineuse! Petit \u00e0 petit, en me reconnectant \u00e0 moi-m\u00eame et \u00e0 mes aspirations, je me suis autoris\u00e9e \u00e0 me r\u00e9-inventer. Aujourd'hui de retour en France, j'accompagne les personnes qui ont un temps mis leur carri\u00e8re entre parenth\u00e8ses, \u00e0 reprendre confiance, r\u00e9v\u00e9ler leurs talents et suivre leurs \u00e9lans pour (re)trouver une activit\u00e9 pro align\u00e9e avec qui elles sont.\",\"sameAs\":[\"https:\\\/\\\/www.facebook.com\\\/PotinJulietteCoach\\\/\",\"https:\\\/\\\/www.linkedin.com\\\/in\\\/juliette-potin-expat-coach\\\/\"]}]}<\/script>\n<!-- \/ Yoast SEO plugin. -->","yoast_head_json":{"title":"Pourquoi je ne fais pas de cure de vitamine - Expat coach","description":"Je sens que je change de saison. J\u2019ai besoin de plus dormir, de ralentir le rythme. Une amie me dit\u00a0: fais une cure de vitamine\u00a0!","robots":{"index":"index","follow":"follow","max-snippet":"max-snippet:-1","max-image-preview":"max-image-preview:large","max-video-preview":"max-video-preview:-1"},"canonical":"https:\/\/juliettepotin.com\/index.php\/2021\/11\/03\/pourquoi-je-ne-fais-pas-de-cure-de-vitamine\/","og_locale":"fr_FR","og_type":"article","og_title":"Pourquoi je ne fais pas de cure de vitamine - Expat coach","og_description":"Je sens que je change de saison. J\u2019ai besoin de plus dormir, de ralentir le rythme. Une amie me dit\u00a0: fais une cure de vitamine\u00a0!","og_url":"https:\/\/juliettepotin.com\/index.php\/2021\/11\/03\/pourquoi-je-ne-fais-pas-de-cure-de-vitamine\/","og_site_name":"Expat coach","article_publisher":"https:\/\/www.facebook.com\/PotinJulietteCoach\/","article_author":"https:\/\/www.facebook.com\/PotinJulietteCoach\/","article_published_time":"2021-11-03T08:25:34+00:00","article_modified_time":"2026-04-11T13:37:28+00:00","og_image":[{"width":640,"height":427,"url":"https:\/\/juliettepotin.com\/wp-content\/uploads\/2021\/11\/Juliette-Potin_expatcoach_cure-vitamine-copie.jpg","type":"image\/jpeg"}],"author":"Juliette Potin","twitter_card":"summary_large_image","twitter_misc":{"\u00c9crit par":"Juliette Potin","Dur\u00e9e de lecture estim\u00e9e":"3 minutes"},"schema":{"@context":"https:\/\/schema.org","@graph":[{"@type":"Article","@id":"https:\/\/juliettepotin.com\/index.php\/2021\/11\/03\/pourquoi-je-ne-fais-pas-de-cure-de-vitamine\/#article","isPartOf":{"@id":"https:\/\/juliettepotin.com\/index.php\/2021\/11\/03\/pourquoi-je-ne-fais-pas-de-cure-de-vitamine\/"},"author":{"name":"Juliette Potin","@id":"https:\/\/juliettepotin.com\/#\/schema\/person\/ce6521de52bc72045131c9ea6e7dea42"},"headline":"Pourquoi je ne fais pas de cure de vitamine","datePublished":"2021-11-03T08:25:34+00:00","dateModified":"2026-04-11T13:37:28+00:00","mainEntityOfPage":{"@id":"https:\/\/juliettepotin.com\/index.php\/2021\/11\/03\/pourquoi-je-ne-fais-pas-de-cure-de-vitamine\/"},"wordCount":458,"commentCount":0,"publisher":{"@id":"https:\/\/juliettepotin.com\/#\/schema\/person\/ce6521de52bc72045131c9ea6e7dea42"},"image":{"@id":"https:\/\/juliettepotin.com\/index.php\/2021\/11\/03\/pourquoi-je-ne-fais-pas-de-cure-de-vitamine\/#primaryimage"},"thumbnailUrl":"https:\/\/juliettepotin.com\/wp-content\/uploads\/2021\/11\/Juliette-Potin_expatcoach_cure-vitamine-copie.jpg","articleSection":["le\u00e7on du quotidien"],"inLanguage":"fr-FR","potentialAction":[{"@type":"CommentAction","name":"Comment","target":["https:\/\/juliettepotin.com\/index.php\/2021\/11\/03\/pourquoi-je-ne-fais-pas-de-cure-de-vitamine\/#respond"]}]},{"@type":"WebPage","@id":"https:\/\/juliettepotin.com\/index.php\/2021\/11\/03\/pourquoi-je-ne-fais-pas-de-cure-de-vitamine\/","url":"https:\/\/juliettepotin.com\/index.php\/2021\/11\/03\/pourquoi-je-ne-fais-pas-de-cure-de-vitamine\/","name":"Pourquoi je ne fais pas de cure de vitamine - Expat coach","isPartOf":{"@id":"https:\/\/juliettepotin.com\/#website"},"primaryImageOfPage":{"@id":"https:\/\/juliettepotin.com\/index.php\/2021\/11\/03\/pourquoi-je-ne-fais-pas-de-cure-de-vitamine\/#primaryimage"},"image":{"@id":"https:\/\/juliettepotin.com\/index.php\/2021\/11\/03\/pourquoi-je-ne-fais-pas-de-cure-de-vitamine\/#primaryimage"},"thumbnailUrl":"https:\/\/juliettepotin.com\/wp-content\/uploads\/2021\/11\/Juliette-Potin_expatcoach_cure-vitamine-copie.jpg","datePublished":"2021-11-03T08:25:34+00:00","dateModified":"2026-04-11T13:37:28+00:00","description":"Je sens que je change de saison. J\u2019ai besoin de plus dormir, de ralentir le rythme. Une amie me dit\u00a0: fais une cure de vitamine\u00a0!","breadcrumb":{"@id":"https:\/\/juliettepotin.com\/index.php\/2021\/11\/03\/pourquoi-je-ne-fais-pas-de-cure-de-vitamine\/#breadcrumb"},"inLanguage":"fr-FR","potentialAction":[{"@type":"ReadAction","target":["https:\/\/juliettepotin.com\/index.php\/2021\/11\/03\/pourquoi-je-ne-fais-pas-de-cure-de-vitamine\/"]}]},{"@type":"ImageObject","inLanguage":"fr-FR","@id":"https:\/\/juliettepotin.com\/index.php\/2021\/11\/03\/pourquoi-je-ne-fais-pas-de-cure-de-vitamine\/#primaryimage","url":"https:\/\/juliettepotin.com\/wp-content\/uploads\/2021\/11\/Juliette-Potin_expatcoach_cure-vitamine-copie.jpg","contentUrl":"https:\/\/juliettepotin.com\/wp-content\/uploads\/2021\/11\/Juliette-Potin_expatcoach_cure-vitamine-copie.jpg","width":640,"height":427},{"@type":"BreadcrumbList","@id":"https:\/\/juliettepotin.com\/index.php\/2021\/11\/03\/pourquoi-je-ne-fais-pas-de-cure-de-vitamine\/#breadcrumb","itemListElement":[{"@type":"ListItem","position":1,"name":"Home","item":"https:\/\/juliettepotin.com\/"},{"@type":"ListItem","position":2,"name":"Pourquoi je ne fais pas de cure de vitamine"}]},{"@type":"WebSite","@id":"https:\/\/juliettepotin.com\/#website","url":"https:\/\/juliettepotin.com\/","name":"Expat coach","description":"The start of a new YOU","publisher":{"@id":"https:\/\/juliettepotin.com\/#\/schema\/person\/ce6521de52bc72045131c9ea6e7dea42"},"potentialAction":[{"@type":"SearchAction","target":{"@type":"EntryPoint","urlTemplate":"https:\/\/juliettepotin.com\/?s={search_term_string}"},"query-input":{"@type":"PropertyValueSpecification","valueRequired":true,"valueName":"search_term_string"}}],"inLanguage":"fr-FR"},{"@type":["Person","Organization"],"@id":"https:\/\/juliettepotin.com\/#\/schema\/person\/ce6521de52bc72045131c9ea6e7dea42","name":"Juliette Potin","image":{"@type":"ImageObject","inLanguage":"fr-FR","@id":"https:\/\/juliettepotin.com\/wp-content\/uploads\/2023\/01\/22006D7C-5B64-4226-B2A7-B43CE0FB4C0F_1_201_a-970x1024.png","url":"https:\/\/juliettepotin.com\/wp-content\/uploads\/2023\/01\/22006D7C-5B64-4226-B2A7-B43CE0FB4C0F_1_201_a-970x1024.png","contentUrl":"https:\/\/juliettepotin.com\/wp-content\/uploads\/2023\/01\/22006D7C-5B64-4226-B2A7-B43CE0FB4C0F_1_201_a-970x1024.png","width":970,"height":1024,"caption":"Juliette Potin"},"logo":{"@id":"https:\/\/juliettepotin.com\/wp-content\/uploads\/2023\/01\/22006D7C-5B64-4226-B2A7-B43CE0FB4C0F_1_201_a-970x1024.png"},"description":"Je suis Juliette Potin, coach professionnelle depuis 2018. J'ai v\u00e9cu plusieurs ann\u00e9es \u00e0 l'\u00e9tranger,notamment aux Etats-Unis o\u00f9 je me retrouve \u00e0 la maison apr\u00e8s 15 ans de postes \u00e0 responsabilit\u00e9 dans l'industrie. L'exp\u00e9rience de ne plus pouvoir me d\u00e9finir par mon statut social est d\u00e9stabilisante, celle d'avoir du temps devant moi : vertigineuse! Petit \u00e0 petit, en me reconnectant \u00e0 moi-m\u00eame et \u00e0 mes aspirations, je me suis autoris\u00e9e \u00e0 me r\u00e9-inventer. Aujourd'hui de retour en France, j'accompagne les personnes qui ont un temps mis leur carri\u00e8re entre parenth\u00e8ses, \u00e0 reprendre confiance, r\u00e9v\u00e9ler leurs talents et suivre leurs \u00e9lans pour (re)trouver une activit\u00e9 pro align\u00e9e avec qui elles sont.","sameAs":["https:\/\/www.facebook.com\/PotinJulietteCoach\/","https:\/\/www.linkedin.com\/in\/juliette-potin-expat-coach\/"]}]}},"_links":{"self":[{"href":"https:\/\/juliettepotin.com\/index.php\/wp-json\/wp\/v2\/posts\/2928","targetHints":{"allow":["GET"]}}],"collection":[{"href":"https:\/\/juliettepotin.com\/index.php\/wp-json\/wp\/v2\/posts"}],"about":[{"href":"https:\/\/juliettepotin.com\/index.php\/wp-json\/wp\/v2\/types\/post"}],"author":[{"embeddable":true,"href":"https:\/\/juliettepotin.com\/index.php\/wp-json\/wp\/v2\/users\/1"}],"replies":[{"embeddable":true,"href":"https:\/\/juliettepotin.com\/index.php\/wp-json\/wp\/v2\/comments?post=2928"}],"version-history":[{"count":1,"href":"https:\/\/juliettepotin.com\/index.php\/wp-json\/wp\/v2\/posts\/2928\/revisions"}],"predecessor-version":[{"id":4372,"href":"https:\/\/juliettepotin.com\/index.php\/wp-json\/wp\/v2\/posts\/2928\/revisions\/4372"}],"wp:featuredmedia":[{"embeddable":true,"href":"https:\/\/juliettepotin.com\/index.php\/wp-json\/wp\/v2\/media\/2932"}],"wp:attachment":[{"href":"https:\/\/juliettepotin.com\/index.php\/wp-json\/wp\/v2\/media?parent=2928"}],"wp:term":[{"taxonomy":"category","embeddable":true,"href":"https:\/\/juliettepotin.com\/index.php\/wp-json\/wp\/v2\/categories?post=2928"},{"taxonomy":"post_tag","embeddable":true,"href":"https:\/\/juliettepotin.com\/index.php\/wp-json\/wp\/v2\/tags?post=2928"}],"curies":[{"name":"wp","href":"https:\/\/api.w.org\/{rel}","templated":true}]}}