{"id":2739,"date":"2021-02-12T15:15:59","date_gmt":"2021-02-12T14:15:59","guid":{"rendered":"https:\/\/juliettepotin.com\/?p=2739"},"modified":"2026-04-11T15:41:56","modified_gmt":"2026-04-11T13:41:56","slug":"besoin-de-sens","status":"publish","type":"post","link":"https:\/\/juliettepotin.com\/index.php\/2021\/02\/12\/besoin-de-sens\/","title":{"rendered":"Besoin de sens"},"content":{"rendered":"\n<p>Et si en cette p\u00e9riode incertaine, ce dont on avait besoin, c\u2019\u00e9tait de sens plus que de s\u00e9curit\u00e9\u00a0?<\/p>\n<p>C\u2019est le message que j\u2019ai re\u00e7u de Karine Massonnie, ethno-reporter, lors d\u2019un atelier auquel j\u2019ai particip\u00e9 cette semaine. Karine parcourt le monde depuis 30 ans pour observer les peuples indig\u00e8nes, d\u00e9coder leur philosophie et nous la transmettre*. Les peuples qu\u2019elle c\u00f4toie vivent au quotidien dans un monde incertain et hostile. Et pourtant, ils sont joyeux et confiants. Comment font-ils\u00a0?<!--more--><\/p>\n<p>Pour l\u2019expliquer, c\u2019est int\u00e9ressant de partir de la pyramide de Maslow, une repr\u00e9sentation pyramidale des besoins humains telle que nous les concevons dans notre monde occidental\u00a0:<\/p>\n<h4>Les besoins les plus fondamentaux se trouvent dans le bas de la pyramide\u00a0:<\/h4>\n<ul>\n<li><strong>Les besoins physiologiques<\/strong>: boire, manger, dormir, respirer.<\/li>\n<li><strong>Le besoin de s\u00e9curit\u00e9\u00a0<\/strong>: se sentir physiquement en s\u00e9curit\u00e9, avoir un toit au-dessus de la t\u00eate, des ressources stables.<\/li>\n<\/ul>\n<p>Dans le d\u00e9veloppement humain, ces 2 premiers \u00e9tages suffisent au bonheur d\u2019un nouveaux n\u00e9\u00a0: nourriture, sommeil et des bras r\u00e9confortants. Une fois que l\u2019enfant grandit, \u00e9mergent d\u2019autres besoins\u00a0: celui d\u2019appartenance et le besoin d\u2019estime de soi.<\/p>\n<ul>\n<li><strong>Le besoin d\u2019appartenance\u00a0<\/strong>: Faire partie un groupe, une famille. Recevoir de l\u2019amour, de l\u2019amiti\u00e9, de l\u2019affection. Sentir que l\u2019on compte pour quelqu\u2019un.<\/li>\n<li><strong>Le besoin d\u2019estime\u00a0<\/strong>: r\u00e9ussir, se sentir comp\u00e9tent, \u00eatre reconnu par rapport \u00e0 ce que l\u2019on fait et qui on est.<\/li>\n<\/ul>\n<p>Ces besoins d\u2019appartenance et d\u2019estime sont particuli\u00e8rement visibles \u00e0 l\u2019adolescence.<\/p>\n<p>Et puis tout en haut de la pyramide se trouve notre\u00a0<strong>besoin d\u2019accomplissement<\/strong>. Il se fait g\u00e9n\u00e9ralement ressentir dans notre vie lorsqu\u2019on a satisfait les autres besoins. Lorsqu\u2019on a tout le confort n\u00e9cessaire et la s\u00e9curit\u00e9 de l\u2019emploi, que l\u2019on se sent entour\u00e9 et reconnu. A un moment donn\u00e9, tout cela ne suffit plus \u00e0 notre bonheur. On a envie de faire quelque chose de sa vie, que celle-ci ait un sens. On cherche \u00e0 contribuer, \u00e0 se r\u00e9aliser dans ce que l\u2019on est. \u00c0 accomplir ce pourquoi on est fait.<\/p>\n<h4>Chez les peuples indig\u00e8nes, cette pyramide est invers\u00e9e.<\/h4>\n<p>Leur mode de vie repose sur une base solide de sens et de spiritualit\u00e9. Ce qui donne du sens, c\u2019est de savoir qu\u2019ils font partie d\u2019un TOUT, dans lequel chacun a sa place et chacun a la m\u00eame valeur. Une vie abondante dans laquelle tout est donn\u00e9 d\u00e8s le d\u00e9part, il n\u2019y a rien \u00e0 aller chercher de plus parce que rien ne manque. Le monde tel que les peuples indig\u00e8nes le voient est un monde qui repose sur l\u2019\u00e9quilibre et l\u2019harmonie. Le chaos que nous pensons vivre en ce moment n\u2019est qu\u2019un passage pr\u00e9c\u00e9dant l\u2019harmonie. La vie s\u2019ajuste en permanence, comme notre temp\u00e9rature corporelle qui ne reste jamais \u00e0 37,2\u00b0C mais oscille tout au long de la journ\u00e9e.<\/p>\n<p>Lorsqu\u2019on a mis des mots sur le sens que rev\u00eat la vie pour soi, on ressent, comme les peuples premiers, un grand sentiment de confiance et de s\u00e9r\u00e9nit\u00e9, quels que soit les al\u00e9as de la vie.<\/p>\n<p>Et si vous aussi vous renversiez la pyramide\u00a0? Et si r\u00e9pondre \u00e0 ce besoin de sens devenait votre priorit\u00e9\u00a0?<\/p>\n<p>PS\u00a0: Si vous souhaitez mettre des mots sur ce qui fait sens pour vous, <a href=\"https:\/\/formation.juliettepotin.com\/formations\/programme-unique\/\">travaillons ensemble\u00a0!<\/a><\/p>\n<p>*<a href=\"https:\/\/www.youtube.com\/watch?v=8xF8JjHDQfA\">Conf\u00e9rence Tedx<\/a> de Karine Massonnie. Et son site\u00a0: <a href=\"https:\/\/www.terresindigenes.org\/\">https:\/\/www.terresindigenes.org<\/a><\/p>\n","protected":false},"excerpt":{"rendered":"<p>Et si en cette p\u00e9riode incertaine, ce dont on avait besoin, c\u2019\u00e9tait de sens plus que de s\u00e9curit\u00e9\u00a0? C\u2019est le message que j\u2019ai re\u00e7u de Karine Massonnie, ethno-reporter, lors d\u2019un [&hellip;]<\/p>\n","protected":false},"author":1,"featured_media":2747,"comment_status":"open","ping_status":"open","sticky":false,"template":"","format":"standard","meta":{"_exactmetrics_skip_tracking":false,"_exactmetrics_sitenote_active":false,"_exactmetrics_sitenote_note":"","_exactmetrics_sitenote_category":0,"footnotes":""},"categories":[63],"tags":[],"class_list":["post-2739","post","type-post","status-publish","format-standard","has-post-thumbnail","hentry","category-trouver-ma-voie"],"yoast_head":"<!-- This site is optimized with the Yoast SEO plugin v27.5 - https:\/\/yoast.com\/product\/yoast-seo-wordpress\/ -->\n<title>Besoin de sens - Expat coach - Trouver ma voie<\/title>\n<meta name=\"description\" content=\"Et si en cette p\u00e9riode incertaine, ce dont on avait besoin, c\u2019\u00e9tait de sens plus que de s\u00e9curit\u00e9\u00a0? Les peuples indig\u00e8nes nous \u00e9clairent\" \/>\n<meta name=\"robots\" content=\"index, follow, max-snippet:-1, max-image-preview:large, max-video-preview:-1\" \/>\n<link rel=\"canonical\" href=\"https:\/\/juliettepotin.com\/index.php\/2021\/02\/12\/besoin-de-sens\/\" \/>\n<meta property=\"og:locale\" content=\"fr_FR\" \/>\n<meta property=\"og:type\" content=\"article\" \/>\n<meta property=\"og:title\" content=\"Besoin de sens - Expat coach - Trouver ma voie\" \/>\n<meta property=\"og:description\" content=\"Et si en cette p\u00e9riode incertaine, ce dont on avait besoin, c\u2019\u00e9tait de sens plus que de s\u00e9curit\u00e9\u00a0? Les peuples indig\u00e8nes nous \u00e9clairent\" \/>\n<meta property=\"og:url\" content=\"https:\/\/juliettepotin.com\/index.php\/2021\/02\/12\/besoin-de-sens\/\" \/>\n<meta property=\"og:site_name\" content=\"Expat coach\" \/>\n<meta property=\"article:publisher\" content=\"https:\/\/www.facebook.com\/PotinJulietteCoach\/\" \/>\n<meta property=\"article:author\" content=\"https:\/\/www.facebook.com\/PotinJulietteCoach\/\" \/>\n<meta property=\"article:published_time\" content=\"2021-02-12T14:15:59+00:00\" \/>\n<meta property=\"article:modified_time\" content=\"2026-04-11T13:41:56+00:00\" \/>\n<meta property=\"og:image\" content=\"https:\/\/juliettepotin.com\/wp-content\/uploads\/2021\/02\/Juliette-Potin-besoin-de-sens-Maslow-1.png\" \/>\n\t<meta property=\"og:image:width\" content=\"2082\" \/>\n\t<meta property=\"og:image:height\" content=\"1322\" \/>\n\t<meta property=\"og:image:type\" content=\"image\/png\" \/>\n<meta name=\"author\" content=\"Juliette Potin\" \/>\n<meta name=\"twitter:card\" content=\"summary_large_image\" \/>\n<meta name=\"twitter:label1\" content=\"\u00c9crit par\" \/>\n\t<meta name=\"twitter:data1\" content=\"Juliette Potin\" \/>\n\t<meta name=\"twitter:label2\" content=\"Dur\u00e9e de lecture estim\u00e9e\" \/>\n\t<meta name=\"twitter:data2\" content=\"3 minutes\" \/>\n<script type=\"application\/ld+json\" class=\"yoast-schema-graph\">{\"@context\":\"https:\\\/\\\/schema.org\",\"@graph\":[{\"@type\":\"Article\",\"@id\":\"https:\\\/\\\/juliettepotin.com\\\/index.php\\\/2021\\\/02\\\/12\\\/besoin-de-sens\\\/#article\",\"isPartOf\":{\"@id\":\"https:\\\/\\\/juliettepotin.com\\\/index.php\\\/2021\\\/02\\\/12\\\/besoin-de-sens\\\/\"},\"author\":{\"name\":\"Juliette Potin\",\"@id\":\"https:\\\/\\\/juliettepotin.com\\\/#\\\/schema\\\/person\\\/ce6521de52bc72045131c9ea6e7dea42\"},\"headline\":\"Besoin de sens\",\"datePublished\":\"2021-02-12T14:15:59+00:00\",\"dateModified\":\"2026-04-11T13:41:56+00:00\",\"mainEntityOfPage\":{\"@id\":\"https:\\\/\\\/juliettepotin.com\\\/index.php\\\/2021\\\/02\\\/12\\\/besoin-de-sens\\\/\"},\"wordCount\":601,\"commentCount\":0,\"publisher\":{\"@id\":\"https:\\\/\\\/juliettepotin.com\\\/#\\\/schema\\\/person\\\/ce6521de52bc72045131c9ea6e7dea42\"},\"image\":{\"@id\":\"https:\\\/\\\/juliettepotin.com\\\/index.php\\\/2021\\\/02\\\/12\\\/besoin-de-sens\\\/#primaryimage\"},\"thumbnailUrl\":\"https:\\\/\\\/juliettepotin.com\\\/wp-content\\\/uploads\\\/2021\\\/02\\\/Juliette-Potin-besoin-de-sens-Maslow-1.png\",\"articleSection\":[\"Trouver ma voie\"],\"inLanguage\":\"fr-FR\",\"potentialAction\":[{\"@type\":\"CommentAction\",\"name\":\"Comment\",\"target\":[\"https:\\\/\\\/juliettepotin.com\\\/index.php\\\/2021\\\/02\\\/12\\\/besoin-de-sens\\\/#respond\"]}]},{\"@type\":\"WebPage\",\"@id\":\"https:\\\/\\\/juliettepotin.com\\\/index.php\\\/2021\\\/02\\\/12\\\/besoin-de-sens\\\/\",\"url\":\"https:\\\/\\\/juliettepotin.com\\\/index.php\\\/2021\\\/02\\\/12\\\/besoin-de-sens\\\/\",\"name\":\"Besoin de sens - Expat coach - Trouver ma voie\",\"isPartOf\":{\"@id\":\"https:\\\/\\\/juliettepotin.com\\\/#website\"},\"primaryImageOfPage\":{\"@id\":\"https:\\\/\\\/juliettepotin.com\\\/index.php\\\/2021\\\/02\\\/12\\\/besoin-de-sens\\\/#primaryimage\"},\"image\":{\"@id\":\"https:\\\/\\\/juliettepotin.com\\\/index.php\\\/2021\\\/02\\\/12\\\/besoin-de-sens\\\/#primaryimage\"},\"thumbnailUrl\":\"https:\\\/\\\/juliettepotin.com\\\/wp-content\\\/uploads\\\/2021\\\/02\\\/Juliette-Potin-besoin-de-sens-Maslow-1.png\",\"datePublished\":\"2021-02-12T14:15:59+00:00\",\"dateModified\":\"2026-04-11T13:41:56+00:00\",\"description\":\"Et si en cette p\u00e9riode incertaine, ce dont on avait besoin, c\u2019\u00e9tait de sens plus que de s\u00e9curit\u00e9\u00a0? Les peuples indig\u00e8nes nous \u00e9clairent\",\"breadcrumb\":{\"@id\":\"https:\\\/\\\/juliettepotin.com\\\/index.php\\\/2021\\\/02\\\/12\\\/besoin-de-sens\\\/#breadcrumb\"},\"inLanguage\":\"fr-FR\",\"potentialAction\":[{\"@type\":\"ReadAction\",\"target\":[\"https:\\\/\\\/juliettepotin.com\\\/index.php\\\/2021\\\/02\\\/12\\\/besoin-de-sens\\\/\"]}]},{\"@type\":\"ImageObject\",\"inLanguage\":\"fr-FR\",\"@id\":\"https:\\\/\\\/juliettepotin.com\\\/index.php\\\/2021\\\/02\\\/12\\\/besoin-de-sens\\\/#primaryimage\",\"url\":\"https:\\\/\\\/juliettepotin.com\\\/wp-content\\\/uploads\\\/2021\\\/02\\\/Juliette-Potin-besoin-de-sens-Maslow-1.png\",\"contentUrl\":\"https:\\\/\\\/juliettepotin.com\\\/wp-content\\\/uploads\\\/2021\\\/02\\\/Juliette-Potin-besoin-de-sens-Maslow-1.png\",\"width\":2082,\"height\":1322,\"caption\":\"besoin de sens Maslow\"},{\"@type\":\"BreadcrumbList\",\"@id\":\"https:\\\/\\\/juliettepotin.com\\\/index.php\\\/2021\\\/02\\\/12\\\/besoin-de-sens\\\/#breadcrumb\",\"itemListElement\":[{\"@type\":\"ListItem\",\"position\":1,\"name\":\"Home\",\"item\":\"https:\\\/\\\/juliettepotin.com\\\/\"},{\"@type\":\"ListItem\",\"position\":2,\"name\":\"Besoin de sens\"}]},{\"@type\":\"WebSite\",\"@id\":\"https:\\\/\\\/juliettepotin.com\\\/#website\",\"url\":\"https:\\\/\\\/juliettepotin.com\\\/\",\"name\":\"Expat coach\",\"description\":\"The start of a new YOU\",\"publisher\":{\"@id\":\"https:\\\/\\\/juliettepotin.com\\\/#\\\/schema\\\/person\\\/ce6521de52bc72045131c9ea6e7dea42\"},\"potentialAction\":[{\"@type\":\"SearchAction\",\"target\":{\"@type\":\"EntryPoint\",\"urlTemplate\":\"https:\\\/\\\/juliettepotin.com\\\/?s={search_term_string}\"},\"query-input\":{\"@type\":\"PropertyValueSpecification\",\"valueRequired\":true,\"valueName\":\"search_term_string\"}}],\"inLanguage\":\"fr-FR\"},{\"@type\":[\"Person\",\"Organization\"],\"@id\":\"https:\\\/\\\/juliettepotin.com\\\/#\\\/schema\\\/person\\\/ce6521de52bc72045131c9ea6e7dea42\",\"name\":\"Juliette Potin\",\"image\":{\"@type\":\"ImageObject\",\"inLanguage\":\"fr-FR\",\"@id\":\"https:\\\/\\\/juliettepotin.com\\\/wp-content\\\/uploads\\\/2023\\\/01\\\/22006D7C-5B64-4226-B2A7-B43CE0FB4C0F_1_201_a-970x1024.png\",\"url\":\"https:\\\/\\\/juliettepotin.com\\\/wp-content\\\/uploads\\\/2023\\\/01\\\/22006D7C-5B64-4226-B2A7-B43CE0FB4C0F_1_201_a-970x1024.png\",\"contentUrl\":\"https:\\\/\\\/juliettepotin.com\\\/wp-content\\\/uploads\\\/2023\\\/01\\\/22006D7C-5B64-4226-B2A7-B43CE0FB4C0F_1_201_a-970x1024.png\",\"width\":970,\"height\":1024,\"caption\":\"Juliette Potin\"},\"logo\":{\"@id\":\"https:\\\/\\\/juliettepotin.com\\\/wp-content\\\/uploads\\\/2023\\\/01\\\/22006D7C-5B64-4226-B2A7-B43CE0FB4C0F_1_201_a-970x1024.png\"},\"description\":\"Je suis Juliette Potin, coach professionnelle depuis 2018. J'ai v\u00e9cu plusieurs ann\u00e9es \u00e0 l'\u00e9tranger,notamment aux Etats-Unis o\u00f9 je me retrouve \u00e0 la maison apr\u00e8s 15 ans de postes \u00e0 responsabilit\u00e9 dans l'industrie. L'exp\u00e9rience de ne plus pouvoir me d\u00e9finir par mon statut social est d\u00e9stabilisante, celle d'avoir du temps devant moi : vertigineuse! Petit \u00e0 petit, en me reconnectant \u00e0 moi-m\u00eame et \u00e0 mes aspirations, je me suis autoris\u00e9e \u00e0 me r\u00e9-inventer. Aujourd'hui de retour en France, j'accompagne les personnes qui ont un temps mis leur carri\u00e8re entre parenth\u00e8ses, \u00e0 reprendre confiance, r\u00e9v\u00e9ler leurs talents et suivre leurs \u00e9lans pour (re)trouver une activit\u00e9 pro align\u00e9e avec qui elles sont.\",\"sameAs\":[\"https:\\\/\\\/www.facebook.com\\\/PotinJulietteCoach\\\/\",\"https:\\\/\\\/www.linkedin.com\\\/in\\\/juliette-potin-expat-coach\\\/\"]}]}<\/script>\n<!-- \/ Yoast SEO plugin. -->","yoast_head_json":{"title":"Besoin de sens - Expat coach - Trouver ma voie","description":"Et si en cette p\u00e9riode incertaine, ce dont on avait besoin, c\u2019\u00e9tait de sens plus que de s\u00e9curit\u00e9\u00a0? Les peuples indig\u00e8nes nous \u00e9clairent","robots":{"index":"index","follow":"follow","max-snippet":"max-snippet:-1","max-image-preview":"max-image-preview:large","max-video-preview":"max-video-preview:-1"},"canonical":"https:\/\/juliettepotin.com\/index.php\/2021\/02\/12\/besoin-de-sens\/","og_locale":"fr_FR","og_type":"article","og_title":"Besoin de sens - Expat coach - Trouver ma voie","og_description":"Et si en cette p\u00e9riode incertaine, ce dont on avait besoin, c\u2019\u00e9tait de sens plus que de s\u00e9curit\u00e9\u00a0? Les peuples indig\u00e8nes nous \u00e9clairent","og_url":"https:\/\/juliettepotin.com\/index.php\/2021\/02\/12\/besoin-de-sens\/","og_site_name":"Expat coach","article_publisher":"https:\/\/www.facebook.com\/PotinJulietteCoach\/","article_author":"https:\/\/www.facebook.com\/PotinJulietteCoach\/","article_published_time":"2021-02-12T14:15:59+00:00","article_modified_time":"2026-04-11T13:41:56+00:00","og_image":[{"width":2082,"height":1322,"url":"https:\/\/juliettepotin.com\/wp-content\/uploads\/2021\/02\/Juliette-Potin-besoin-de-sens-Maslow-1.png","type":"image\/png"}],"author":"Juliette Potin","twitter_card":"summary_large_image","twitter_misc":{"\u00c9crit par":"Juliette Potin","Dur\u00e9e de lecture estim\u00e9e":"3 minutes"},"schema":{"@context":"https:\/\/schema.org","@graph":[{"@type":"Article","@id":"https:\/\/juliettepotin.com\/index.php\/2021\/02\/12\/besoin-de-sens\/#article","isPartOf":{"@id":"https:\/\/juliettepotin.com\/index.php\/2021\/02\/12\/besoin-de-sens\/"},"author":{"name":"Juliette Potin","@id":"https:\/\/juliettepotin.com\/#\/schema\/person\/ce6521de52bc72045131c9ea6e7dea42"},"headline":"Besoin de sens","datePublished":"2021-02-12T14:15:59+00:00","dateModified":"2026-04-11T13:41:56+00:00","mainEntityOfPage":{"@id":"https:\/\/juliettepotin.com\/index.php\/2021\/02\/12\/besoin-de-sens\/"},"wordCount":601,"commentCount":0,"publisher":{"@id":"https:\/\/juliettepotin.com\/#\/schema\/person\/ce6521de52bc72045131c9ea6e7dea42"},"image":{"@id":"https:\/\/juliettepotin.com\/index.php\/2021\/02\/12\/besoin-de-sens\/#primaryimage"},"thumbnailUrl":"https:\/\/juliettepotin.com\/wp-content\/uploads\/2021\/02\/Juliette-Potin-besoin-de-sens-Maslow-1.png","articleSection":["Trouver ma voie"],"inLanguage":"fr-FR","potentialAction":[{"@type":"CommentAction","name":"Comment","target":["https:\/\/juliettepotin.com\/index.php\/2021\/02\/12\/besoin-de-sens\/#respond"]}]},{"@type":"WebPage","@id":"https:\/\/juliettepotin.com\/index.php\/2021\/02\/12\/besoin-de-sens\/","url":"https:\/\/juliettepotin.com\/index.php\/2021\/02\/12\/besoin-de-sens\/","name":"Besoin de sens - Expat coach - Trouver ma voie","isPartOf":{"@id":"https:\/\/juliettepotin.com\/#website"},"primaryImageOfPage":{"@id":"https:\/\/juliettepotin.com\/index.php\/2021\/02\/12\/besoin-de-sens\/#primaryimage"},"image":{"@id":"https:\/\/juliettepotin.com\/index.php\/2021\/02\/12\/besoin-de-sens\/#primaryimage"},"thumbnailUrl":"https:\/\/juliettepotin.com\/wp-content\/uploads\/2021\/02\/Juliette-Potin-besoin-de-sens-Maslow-1.png","datePublished":"2021-02-12T14:15:59+00:00","dateModified":"2026-04-11T13:41:56+00:00","description":"Et si en cette p\u00e9riode incertaine, ce dont on avait besoin, c\u2019\u00e9tait de sens plus que de s\u00e9curit\u00e9\u00a0? Les peuples indig\u00e8nes nous \u00e9clairent","breadcrumb":{"@id":"https:\/\/juliettepotin.com\/index.php\/2021\/02\/12\/besoin-de-sens\/#breadcrumb"},"inLanguage":"fr-FR","potentialAction":[{"@type":"ReadAction","target":["https:\/\/juliettepotin.com\/index.php\/2021\/02\/12\/besoin-de-sens\/"]}]},{"@type":"ImageObject","inLanguage":"fr-FR","@id":"https:\/\/juliettepotin.com\/index.php\/2021\/02\/12\/besoin-de-sens\/#primaryimage","url":"https:\/\/juliettepotin.com\/wp-content\/uploads\/2021\/02\/Juliette-Potin-besoin-de-sens-Maslow-1.png","contentUrl":"https:\/\/juliettepotin.com\/wp-content\/uploads\/2021\/02\/Juliette-Potin-besoin-de-sens-Maslow-1.png","width":2082,"height":1322,"caption":"besoin de sens Maslow"},{"@type":"BreadcrumbList","@id":"https:\/\/juliettepotin.com\/index.php\/2021\/02\/12\/besoin-de-sens\/#breadcrumb","itemListElement":[{"@type":"ListItem","position":1,"name":"Home","item":"https:\/\/juliettepotin.com\/"},{"@type":"ListItem","position":2,"name":"Besoin de sens"}]},{"@type":"WebSite","@id":"https:\/\/juliettepotin.com\/#website","url":"https:\/\/juliettepotin.com\/","name":"Expat coach","description":"The start of a new YOU","publisher":{"@id":"https:\/\/juliettepotin.com\/#\/schema\/person\/ce6521de52bc72045131c9ea6e7dea42"},"potentialAction":[{"@type":"SearchAction","target":{"@type":"EntryPoint","urlTemplate":"https:\/\/juliettepotin.com\/?s={search_term_string}"},"query-input":{"@type":"PropertyValueSpecification","valueRequired":true,"valueName":"search_term_string"}}],"inLanguage":"fr-FR"},{"@type":["Person","Organization"],"@id":"https:\/\/juliettepotin.com\/#\/schema\/person\/ce6521de52bc72045131c9ea6e7dea42","name":"Juliette Potin","image":{"@type":"ImageObject","inLanguage":"fr-FR","@id":"https:\/\/juliettepotin.com\/wp-content\/uploads\/2023\/01\/22006D7C-5B64-4226-B2A7-B43CE0FB4C0F_1_201_a-970x1024.png","url":"https:\/\/juliettepotin.com\/wp-content\/uploads\/2023\/01\/22006D7C-5B64-4226-B2A7-B43CE0FB4C0F_1_201_a-970x1024.png","contentUrl":"https:\/\/juliettepotin.com\/wp-content\/uploads\/2023\/01\/22006D7C-5B64-4226-B2A7-B43CE0FB4C0F_1_201_a-970x1024.png","width":970,"height":1024,"caption":"Juliette Potin"},"logo":{"@id":"https:\/\/juliettepotin.com\/wp-content\/uploads\/2023\/01\/22006D7C-5B64-4226-B2A7-B43CE0FB4C0F_1_201_a-970x1024.png"},"description":"Je suis Juliette Potin, coach professionnelle depuis 2018. J'ai v\u00e9cu plusieurs ann\u00e9es \u00e0 l'\u00e9tranger,notamment aux Etats-Unis o\u00f9 je me retrouve \u00e0 la maison apr\u00e8s 15 ans de postes \u00e0 responsabilit\u00e9 dans l'industrie. L'exp\u00e9rience de ne plus pouvoir me d\u00e9finir par mon statut social est d\u00e9stabilisante, celle d'avoir du temps devant moi : vertigineuse! Petit \u00e0 petit, en me reconnectant \u00e0 moi-m\u00eame et \u00e0 mes aspirations, je me suis autoris\u00e9e \u00e0 me r\u00e9-inventer. Aujourd'hui de retour en France, j'accompagne les personnes qui ont un temps mis leur carri\u00e8re entre parenth\u00e8ses, \u00e0 reprendre confiance, r\u00e9v\u00e9ler leurs talents et suivre leurs \u00e9lans pour (re)trouver une activit\u00e9 pro align\u00e9e avec qui elles sont.","sameAs":["https:\/\/www.facebook.com\/PotinJulietteCoach\/","https:\/\/www.linkedin.com\/in\/juliette-potin-expat-coach\/"]}]}},"_links":{"self":[{"href":"https:\/\/juliettepotin.com\/index.php\/wp-json\/wp\/v2\/posts\/2739","targetHints":{"allow":["GET"]}}],"collection":[{"href":"https:\/\/juliettepotin.com\/index.php\/wp-json\/wp\/v2\/posts"}],"about":[{"href":"https:\/\/juliettepotin.com\/index.php\/wp-json\/wp\/v2\/types\/post"}],"author":[{"embeddable":true,"href":"https:\/\/juliettepotin.com\/index.php\/wp-json\/wp\/v2\/users\/1"}],"replies":[{"embeddable":true,"href":"https:\/\/juliettepotin.com\/index.php\/wp-json\/wp\/v2\/comments?post=2739"}],"version-history":[{"count":1,"href":"https:\/\/juliettepotin.com\/index.php\/wp-json\/wp\/v2\/posts\/2739\/revisions"}],"predecessor-version":[{"id":4379,"href":"https:\/\/juliettepotin.com\/index.php\/wp-json\/wp\/v2\/posts\/2739\/revisions\/4379"}],"wp:featuredmedia":[{"embeddable":true,"href":"https:\/\/juliettepotin.com\/index.php\/wp-json\/wp\/v2\/media\/2747"}],"wp:attachment":[{"href":"https:\/\/juliettepotin.com\/index.php\/wp-json\/wp\/v2\/media?parent=2739"}],"wp:term":[{"taxonomy":"category","embeddable":true,"href":"https:\/\/juliettepotin.com\/index.php\/wp-json\/wp\/v2\/categories?post=2739"},{"taxonomy":"post_tag","embeddable":true,"href":"https:\/\/juliettepotin.com\/index.php\/wp-json\/wp\/v2\/tags?post=2739"}],"curies":[{"name":"wp","href":"https:\/\/api.w.org\/{rel}","templated":true}]}}