{"id":2311,"date":"2020-04-23T12:39:00","date_gmt":"2020-04-23T10:39:00","guid":{"rendered":"https:\/\/juliettepotin.com\/?p=2311"},"modified":"2024-06-14T13:55:35","modified_gmt":"2024-06-14T11:55:35","slug":"quest-ce-que-je-vais-devenir","status":"publish","type":"post","link":"https:\/\/juliettepotin.com\/index.php\/2020\/04\/23\/quest-ce-que-je-vais-devenir\/","title":{"rendered":"Qu\u2019est ce que je vais devenir\u00a0?"},"content":{"rendered":"\n<p>\u00ab&nbsp;Avec la crise \u00e9conomique qui se profile, qu\u2019est-ce que je vais devenir&nbsp;? Je cherche un job\/ je suis en train de me former\/ je veux monter ma boite. Aujourd\u2019hui, ceux qui ont du boulot risquent de le perdre et ceux qui ont mont\u00e9 leur boite risquent de fermer. Du coup, comment moi je peux esp\u00e9rer y arriver&nbsp;?&nbsp;\u00bb&nbsp;<\/p>\n<p>C\u2019est votre droit de penser tout cela. Mais ce n\u2019est pas la r\u00e9alit\u00e9.<\/p>\n<p>C\u2019est juste une partie de la r\u00e9alit\u00e9, celle sur laquelle vous posez votre attention.&nbsp;<\/p>\n\n\n\n<!--more-->\n\n\n\n<p>Il y a aussi une autre r\u00e9alit\u00e9. Celle des formidables opportunit\u00e9s que toute crise apporte.<\/p>\n<p>Une de mes clientes a trouv\u00e9 du boulot cette semaine, un job qui coche pratiquement toutes les cases de ses r\u00eaves, en pleine crise du coronavirus\u00a0!<\/p>\n<p>Quelle r\u00e9alit\u00e9 choisissez-vous de voir\u00a0?<\/p>\n<p>\u00ab\u00a0Je me sentirais coupable de profiter de la crise. Je ne me vois pas vendre quoi que ce soit en ce moment. Quand je vois tous ces gens qui gal\u00e8rent ou qui souffrent, je culpabilise de me soucier de ma petite personne\u00a0\u00bb\u00a0<\/p>\n<p>Vous pouvez penser cela aussi. \u00c7a fait partie des options possibles.<\/p>\n<p>Vous pouvez vous sentir coupable. C\u2019est votre choix.<\/p>\n<p>Mais qu\u2019est-ce que cela va vous apporter\u00a0?<\/p>\n<p>A part des excuses pour vous figer sur place, pour ne plus rien faire du tout?<\/p>\n<p>Vous pouvez aussi penser que cette p\u00e9riode est une formidable opportunit\u00e9 pour vous lancer. Une chance incroyable d\u2019aller voir en profondeur ce que vous avez dans les tripes, d\u2019explorer ce que vous voulez apporter au monde.<\/p>\n<p>Le futur n\u2019a jamais \u00e9t\u00e9 aussi incertain. Les certitudes d\u2019hier volent en \u00e9clat aujourd\u2019hui.<\/p>\n<h4>Si le monde n\u2019a plus aucune certitude, c\u2019est peut-\u00eatre l\u2019occasion de construire les v\u00f4tres.<\/h4>\n<p>L\u2019opportunit\u00e9 de dessiner votre monde id\u00e9al. Votre job de r\u00eave.<\/p>\n<p>Et puis de le voir se r\u00e9aliser, puisque vous ne voyez que ce sur quoi vous posez votre attention.<\/p>\n<p>Je ne sais pas ce que vous voyez depuis un mois mais moi je vois de la solidarit\u00e9 et de l\u2019amour, je vois de l\u2019innovation et de l\u2019humour, je vois du soleil, de la douceur, de la cr\u00e9ativit\u00e9 et du lien !<\/p>\n<p>Et vous, qu\u2019est-ce que vous voyez\u00a0? Qu\u2019est-ce que vous avez envie de voir\u00a0?<\/p>\n<p><span lang=\"EN-US\">PS: Apprendre \u00e0 focaliser son attention sur ce qui va dans le sens de ce que vous voulez, \u00e7a s&rsquo;apprend !. Contactez-moi pour une<a href=\"https:\/\/juliettepotin.com\/index.php\/faites-de-votre-experience-a-letranger-le-tournant-de-votre-vie\/seance-gratuite-dexploration\/\"> s\u00e9ance gratuite d&rsquo;exploration.<\/a><\/span><\/p>\n<p><span lang=\"EN-US\">Image par<span class=\"apple-converted-space\">\u00a0<\/span><\/span><a href=\"https:\/\/pixabay.com\/fr\/users\/cocoparisienne-127419\/?utm_source=link-attribution&amp;utm_medium=referral&amp;utm_campaign=image&amp;utm_content=4919501\"><span lang=\"EN-US\">Anja <\/span><\/a><span lang=\"EN-US\">de<span class=\"apple-converted-space\">\u00a0<\/span><\/span><a href=\"https:\/\/pixabay.com\/fr\/?utm_source=link-attribution&amp;utm_medium=referral&amp;utm_campaign=image&amp;utm_content=4919501\"><span lang=\"EN-US\">Pixabay<\/span><\/a><span class=\"apple-converted-space\"><span lang=\"EN-US\">\u00a0<\/span><\/span><\/p>\n","protected":false},"excerpt":{"rendered":"<p>\u00ab&nbsp;Avec la crise \u00e9conomique qui se profile, qu\u2019est-ce que je vais devenir&nbsp;? Je cherche un job\/ je suis en train de me former\/ je veux monter ma boite. Aujourd\u2019hui, ceux [&hellip;]<\/p>\n","protected":false},"author":1,"featured_media":2312,"comment_status":"open","ping_status":"open","sticky":false,"template":"","format":"standard","meta":{"_exactmetrics_skip_tracking":false,"_exactmetrics_sitenote_active":false,"_exactmetrics_sitenote_note":"","_exactmetrics_sitenote_category":0,"footnotes":"","tve_updated_post":"","tve_custom_css":"","tve_user_custom_css":"","tve_globals":{},"tcb2_ready":1,"tcb_editor_enabled":0,"tve_landing_page":"","_tve_header":"","_tve_footer":""},"categories":[29,63],"tags":[],"class_list":["post-2311","post","type-post","status-publish","format-standard","has-post-thumbnail","hentry","category-positive-attitude","category-trouver-ma-voie"],"yoast_head":"<!-- This site is optimized with the Yoast SEO plugin v27.5 - https:\/\/yoast.com\/product\/yoast-seo-wordpress\/ -->\n<title>Qu\u2019est ce que je vais devenir\u00a0? - Expat coach Trouver ma voie<\/title>\n<meta name=\"description\" content=\"\u00ab\u00a0Avec la crise \u00e9conomique qui se profile, qu&#039;est ce que je vais devenir ?\u00a0\u00bb\u00a0C\u2019est votre droit de penser tout cela. Mais ce n\u2019est pas la r\u00e9alit\u00e9.\" \/>\n<meta name=\"robots\" content=\"index, follow, max-snippet:-1, max-image-preview:large, max-video-preview:-1\" \/>\n<link rel=\"canonical\" href=\"https:\/\/juliettepotin.com\/index.php\/2020\/04\/23\/quest-ce-que-je-vais-devenir\/\" \/>\n<meta property=\"og:locale\" content=\"fr_FR\" \/>\n<meta property=\"og:type\" content=\"article\" \/>\n<meta property=\"og:title\" content=\"Qu\u2019est ce que je vais devenir\u00a0? - Expat coach Trouver ma voie\" \/>\n<meta property=\"og:description\" content=\"\u00ab\u00a0Avec la crise \u00e9conomique qui se profile, qu&#039;est ce que je vais devenir ?\u00a0\u00bb\u00a0C\u2019est votre droit de penser tout cela. Mais ce n\u2019est pas la r\u00e9alit\u00e9.\" \/>\n<meta property=\"og:url\" content=\"https:\/\/juliettepotin.com\/index.php\/2020\/04\/23\/quest-ce-que-je-vais-devenir\/\" \/>\n<meta property=\"og:site_name\" content=\"Expat coach\" \/>\n<meta property=\"article:publisher\" content=\"https:\/\/www.facebook.com\/PotinJulietteCoach\/\" \/>\n<meta property=\"article:author\" content=\"https:\/\/www.facebook.com\/PotinJulietteCoach\/\" \/>\n<meta property=\"article:published_time\" content=\"2020-04-23T10:39:00+00:00\" \/>\n<meta property=\"article:modified_time\" content=\"2024-06-14T11:55:35+00:00\" \/>\n<meta property=\"og:image\" content=\"https:\/\/juliettepotin.com\/wp-content\/uploads\/2020\/04\/decrocher-la-lune.jpg\" \/>\n\t<meta property=\"og:image:width\" content=\"1280\" \/>\n\t<meta property=\"og:image:height\" content=\"723\" \/>\n\t<meta property=\"og:image:type\" content=\"image\/jpeg\" \/>\n<meta name=\"author\" content=\"Juliette Potin\" \/>\n<meta name=\"twitter:card\" content=\"summary_large_image\" \/>\n<meta name=\"twitter:label1\" content=\"\u00c9crit par\" \/>\n\t<meta name=\"twitter:data1\" content=\"Juliette Potin\" \/>\n\t<meta name=\"twitter:label2\" content=\"Dur\u00e9e de lecture estim\u00e9e\" \/>\n\t<meta name=\"twitter:data2\" content=\"2 minutes\" \/>\n<script type=\"application\/ld+json\" class=\"yoast-schema-graph\">{\"@context\":\"https:\\\/\\\/schema.org\",\"@graph\":[{\"@type\":\"Article\",\"@id\":\"https:\\\/\\\/juliettepotin.com\\\/index.php\\\/2020\\\/04\\\/23\\\/quest-ce-que-je-vais-devenir\\\/#article\",\"isPartOf\":{\"@id\":\"https:\\\/\\\/juliettepotin.com\\\/index.php\\\/2020\\\/04\\\/23\\\/quest-ce-que-je-vais-devenir\\\/\"},\"author\":{\"name\":\"Juliette Potin\",\"@id\":\"https:\\\/\\\/juliettepotin.com\\\/#\\\/schema\\\/person\\\/ce6521de52bc72045131c9ea6e7dea42\"},\"headline\":\"Qu\u2019est ce que je vais devenir\u00a0?\",\"datePublished\":\"2020-04-23T10:39:00+00:00\",\"dateModified\":\"2024-06-14T11:55:35+00:00\",\"mainEntityOfPage\":{\"@id\":\"https:\\\/\\\/juliettepotin.com\\\/index.php\\\/2020\\\/04\\\/23\\\/quest-ce-que-je-vais-devenir\\\/\"},\"wordCount\":443,\"commentCount\":0,\"publisher\":{\"@id\":\"https:\\\/\\\/juliettepotin.com\\\/#\\\/schema\\\/person\\\/ce6521de52bc72045131c9ea6e7dea42\"},\"image\":{\"@id\":\"https:\\\/\\\/juliettepotin.com\\\/index.php\\\/2020\\\/04\\\/23\\\/quest-ce-que-je-vais-devenir\\\/#primaryimage\"},\"thumbnailUrl\":\"https:\\\/\\\/juliettepotin.com\\\/wp-content\\\/uploads\\\/2020\\\/04\\\/decrocher-la-lune.jpg\",\"articleSection\":[\"Positive attitude\",\"Trouver ma voie\"],\"inLanguage\":\"fr-FR\",\"potentialAction\":[{\"@type\":\"CommentAction\",\"name\":\"Comment\",\"target\":[\"https:\\\/\\\/juliettepotin.com\\\/index.php\\\/2020\\\/04\\\/23\\\/quest-ce-que-je-vais-devenir\\\/#respond\"]}]},{\"@type\":\"WebPage\",\"@id\":\"https:\\\/\\\/juliettepotin.com\\\/index.php\\\/2020\\\/04\\\/23\\\/quest-ce-que-je-vais-devenir\\\/\",\"url\":\"https:\\\/\\\/juliettepotin.com\\\/index.php\\\/2020\\\/04\\\/23\\\/quest-ce-que-je-vais-devenir\\\/\",\"name\":\"Qu\u2019est ce que je vais devenir\u00a0? - Expat coach Trouver ma voie\",\"isPartOf\":{\"@id\":\"https:\\\/\\\/juliettepotin.com\\\/#website\"},\"primaryImageOfPage\":{\"@id\":\"https:\\\/\\\/juliettepotin.com\\\/index.php\\\/2020\\\/04\\\/23\\\/quest-ce-que-je-vais-devenir\\\/#primaryimage\"},\"image\":{\"@id\":\"https:\\\/\\\/juliettepotin.com\\\/index.php\\\/2020\\\/04\\\/23\\\/quest-ce-que-je-vais-devenir\\\/#primaryimage\"},\"thumbnailUrl\":\"https:\\\/\\\/juliettepotin.com\\\/wp-content\\\/uploads\\\/2020\\\/04\\\/decrocher-la-lune.jpg\",\"datePublished\":\"2020-04-23T10:39:00+00:00\",\"dateModified\":\"2024-06-14T11:55:35+00:00\",\"description\":\"\u00ab\u00a0Avec la crise \u00e9conomique qui se profile, qu'est ce que je vais devenir ?\u00a0\u00bb\u00a0C\u2019est votre droit de penser tout cela. Mais ce n\u2019est pas la r\u00e9alit\u00e9.\",\"breadcrumb\":{\"@id\":\"https:\\\/\\\/juliettepotin.com\\\/index.php\\\/2020\\\/04\\\/23\\\/quest-ce-que-je-vais-devenir\\\/#breadcrumb\"},\"inLanguage\":\"fr-FR\",\"potentialAction\":[{\"@type\":\"ReadAction\",\"target\":[\"https:\\\/\\\/juliettepotin.com\\\/index.php\\\/2020\\\/04\\\/23\\\/quest-ce-que-je-vais-devenir\\\/\"]}]},{\"@type\":\"ImageObject\",\"inLanguage\":\"fr-FR\",\"@id\":\"https:\\\/\\\/juliettepotin.com\\\/index.php\\\/2020\\\/04\\\/23\\\/quest-ce-que-je-vais-devenir\\\/#primaryimage\",\"url\":\"https:\\\/\\\/juliettepotin.com\\\/wp-content\\\/uploads\\\/2020\\\/04\\\/decrocher-la-lune.jpg\",\"contentUrl\":\"https:\\\/\\\/juliettepotin.com\\\/wp-content\\\/uploads\\\/2020\\\/04\\\/decrocher-la-lune.jpg\",\"width\":1280,\"height\":723,\"caption\":\"Qu'est ce que je vais devenir\"},{\"@type\":\"BreadcrumbList\",\"@id\":\"https:\\\/\\\/juliettepotin.com\\\/index.php\\\/2020\\\/04\\\/23\\\/quest-ce-que-je-vais-devenir\\\/#breadcrumb\",\"itemListElement\":[{\"@type\":\"ListItem\",\"position\":1,\"name\":\"Home\",\"item\":\"https:\\\/\\\/juliettepotin.com\\\/\"},{\"@type\":\"ListItem\",\"position\":2,\"name\":\"Qu\u2019est ce que je vais devenir\u00a0?\"}]},{\"@type\":\"WebSite\",\"@id\":\"https:\\\/\\\/juliettepotin.com\\\/#website\",\"url\":\"https:\\\/\\\/juliettepotin.com\\\/\",\"name\":\"Expat coach\",\"description\":\"The start of a new YOU\",\"publisher\":{\"@id\":\"https:\\\/\\\/juliettepotin.com\\\/#\\\/schema\\\/person\\\/ce6521de52bc72045131c9ea6e7dea42\"},\"potentialAction\":[{\"@type\":\"SearchAction\",\"target\":{\"@type\":\"EntryPoint\",\"urlTemplate\":\"https:\\\/\\\/juliettepotin.com\\\/?s={search_term_string}\"},\"query-input\":{\"@type\":\"PropertyValueSpecification\",\"valueRequired\":true,\"valueName\":\"search_term_string\"}}],\"inLanguage\":\"fr-FR\"},{\"@type\":[\"Person\",\"Organization\"],\"@id\":\"https:\\\/\\\/juliettepotin.com\\\/#\\\/schema\\\/person\\\/ce6521de52bc72045131c9ea6e7dea42\",\"name\":\"Juliette Potin\",\"image\":{\"@type\":\"ImageObject\",\"inLanguage\":\"fr-FR\",\"@id\":\"https:\\\/\\\/juliettepotin.com\\\/wp-content\\\/uploads\\\/2023\\\/01\\\/22006D7C-5B64-4226-B2A7-B43CE0FB4C0F_1_201_a-970x1024.png\",\"url\":\"https:\\\/\\\/juliettepotin.com\\\/wp-content\\\/uploads\\\/2023\\\/01\\\/22006D7C-5B64-4226-B2A7-B43CE0FB4C0F_1_201_a-970x1024.png\",\"contentUrl\":\"https:\\\/\\\/juliettepotin.com\\\/wp-content\\\/uploads\\\/2023\\\/01\\\/22006D7C-5B64-4226-B2A7-B43CE0FB4C0F_1_201_a-970x1024.png\",\"width\":970,\"height\":1024,\"caption\":\"Juliette Potin\"},\"logo\":{\"@id\":\"https:\\\/\\\/juliettepotin.com\\\/wp-content\\\/uploads\\\/2023\\\/01\\\/22006D7C-5B64-4226-B2A7-B43CE0FB4C0F_1_201_a-970x1024.png\"},\"description\":\"Je suis Juliette Potin, coach professionnelle depuis 2018. J'ai v\u00e9cu plusieurs ann\u00e9es \u00e0 l'\u00e9tranger,notamment aux Etats-Unis o\u00f9 je me retrouve \u00e0 la maison apr\u00e8s 15 ans de postes \u00e0 responsabilit\u00e9 dans l'industrie. L'exp\u00e9rience de ne plus pouvoir me d\u00e9finir par mon statut social est d\u00e9stabilisante, celle d'avoir du temps devant moi : vertigineuse! Petit \u00e0 petit, en me reconnectant \u00e0 moi-m\u00eame et \u00e0 mes aspirations, je me suis autoris\u00e9e \u00e0 me r\u00e9-inventer. Aujourd'hui de retour en France, j'accompagne les personnes qui ont un temps mis leur carri\u00e8re entre parenth\u00e8ses, \u00e0 reprendre confiance, r\u00e9v\u00e9ler leurs talents et suivre leurs \u00e9lans pour (re)trouver une activit\u00e9 pro align\u00e9e avec qui elles sont.\",\"sameAs\":[\"https:\\\/\\\/www.facebook.com\\\/PotinJulietteCoach\\\/\",\"https:\\\/\\\/www.linkedin.com\\\/in\\\/juliette-potin-expat-coach\\\/\"]}]}<\/script>\n<!-- \/ Yoast SEO plugin. -->","yoast_head_json":{"title":"Qu\u2019est ce que je vais devenir\u00a0? - Expat coach Trouver ma voie","description":"\u00ab\u00a0Avec la crise \u00e9conomique qui se profile, qu'est ce que je vais devenir ?\u00a0\u00bb\u00a0C\u2019est votre droit de penser tout cela. Mais ce n\u2019est pas la r\u00e9alit\u00e9.","robots":{"index":"index","follow":"follow","max-snippet":"max-snippet:-1","max-image-preview":"max-image-preview:large","max-video-preview":"max-video-preview:-1"},"canonical":"https:\/\/juliettepotin.com\/index.php\/2020\/04\/23\/quest-ce-que-je-vais-devenir\/","og_locale":"fr_FR","og_type":"article","og_title":"Qu\u2019est ce que je vais devenir\u00a0? - Expat coach Trouver ma voie","og_description":"\u00ab\u00a0Avec la crise \u00e9conomique qui se profile, qu'est ce que je vais devenir ?\u00a0\u00bb\u00a0C\u2019est votre droit de penser tout cela. Mais ce n\u2019est pas la r\u00e9alit\u00e9.","og_url":"https:\/\/juliettepotin.com\/index.php\/2020\/04\/23\/quest-ce-que-je-vais-devenir\/","og_site_name":"Expat coach","article_publisher":"https:\/\/www.facebook.com\/PotinJulietteCoach\/","article_author":"https:\/\/www.facebook.com\/PotinJulietteCoach\/","article_published_time":"2020-04-23T10:39:00+00:00","article_modified_time":"2024-06-14T11:55:35+00:00","og_image":[{"width":1280,"height":723,"url":"https:\/\/juliettepotin.com\/wp-content\/uploads\/2020\/04\/decrocher-la-lune.jpg","type":"image\/jpeg"}],"author":"Juliette Potin","twitter_card":"summary_large_image","twitter_misc":{"\u00c9crit par":"Juliette Potin","Dur\u00e9e de lecture estim\u00e9e":"2 minutes"},"schema":{"@context":"https:\/\/schema.org","@graph":[{"@type":"Article","@id":"https:\/\/juliettepotin.com\/index.php\/2020\/04\/23\/quest-ce-que-je-vais-devenir\/#article","isPartOf":{"@id":"https:\/\/juliettepotin.com\/index.php\/2020\/04\/23\/quest-ce-que-je-vais-devenir\/"},"author":{"name":"Juliette Potin","@id":"https:\/\/juliettepotin.com\/#\/schema\/person\/ce6521de52bc72045131c9ea6e7dea42"},"headline":"Qu\u2019est ce que je vais devenir\u00a0?","datePublished":"2020-04-23T10:39:00+00:00","dateModified":"2024-06-14T11:55:35+00:00","mainEntityOfPage":{"@id":"https:\/\/juliettepotin.com\/index.php\/2020\/04\/23\/quest-ce-que-je-vais-devenir\/"},"wordCount":443,"commentCount":0,"publisher":{"@id":"https:\/\/juliettepotin.com\/#\/schema\/person\/ce6521de52bc72045131c9ea6e7dea42"},"image":{"@id":"https:\/\/juliettepotin.com\/index.php\/2020\/04\/23\/quest-ce-que-je-vais-devenir\/#primaryimage"},"thumbnailUrl":"https:\/\/juliettepotin.com\/wp-content\/uploads\/2020\/04\/decrocher-la-lune.jpg","articleSection":["Positive attitude","Trouver ma voie"],"inLanguage":"fr-FR","potentialAction":[{"@type":"CommentAction","name":"Comment","target":["https:\/\/juliettepotin.com\/index.php\/2020\/04\/23\/quest-ce-que-je-vais-devenir\/#respond"]}]},{"@type":"WebPage","@id":"https:\/\/juliettepotin.com\/index.php\/2020\/04\/23\/quest-ce-que-je-vais-devenir\/","url":"https:\/\/juliettepotin.com\/index.php\/2020\/04\/23\/quest-ce-que-je-vais-devenir\/","name":"Qu\u2019est ce que je vais devenir\u00a0? - Expat coach Trouver ma voie","isPartOf":{"@id":"https:\/\/juliettepotin.com\/#website"},"primaryImageOfPage":{"@id":"https:\/\/juliettepotin.com\/index.php\/2020\/04\/23\/quest-ce-que-je-vais-devenir\/#primaryimage"},"image":{"@id":"https:\/\/juliettepotin.com\/index.php\/2020\/04\/23\/quest-ce-que-je-vais-devenir\/#primaryimage"},"thumbnailUrl":"https:\/\/juliettepotin.com\/wp-content\/uploads\/2020\/04\/decrocher-la-lune.jpg","datePublished":"2020-04-23T10:39:00+00:00","dateModified":"2024-06-14T11:55:35+00:00","description":"\u00ab\u00a0Avec la crise \u00e9conomique qui se profile, qu'est ce que je vais devenir ?\u00a0\u00bb\u00a0C\u2019est votre droit de penser tout cela. Mais ce n\u2019est pas la r\u00e9alit\u00e9.","breadcrumb":{"@id":"https:\/\/juliettepotin.com\/index.php\/2020\/04\/23\/quest-ce-que-je-vais-devenir\/#breadcrumb"},"inLanguage":"fr-FR","potentialAction":[{"@type":"ReadAction","target":["https:\/\/juliettepotin.com\/index.php\/2020\/04\/23\/quest-ce-que-je-vais-devenir\/"]}]},{"@type":"ImageObject","inLanguage":"fr-FR","@id":"https:\/\/juliettepotin.com\/index.php\/2020\/04\/23\/quest-ce-que-je-vais-devenir\/#primaryimage","url":"https:\/\/juliettepotin.com\/wp-content\/uploads\/2020\/04\/decrocher-la-lune.jpg","contentUrl":"https:\/\/juliettepotin.com\/wp-content\/uploads\/2020\/04\/decrocher-la-lune.jpg","width":1280,"height":723,"caption":"Qu'est ce que je vais devenir"},{"@type":"BreadcrumbList","@id":"https:\/\/juliettepotin.com\/index.php\/2020\/04\/23\/quest-ce-que-je-vais-devenir\/#breadcrumb","itemListElement":[{"@type":"ListItem","position":1,"name":"Home","item":"https:\/\/juliettepotin.com\/"},{"@type":"ListItem","position":2,"name":"Qu\u2019est ce que je vais devenir\u00a0?"}]},{"@type":"WebSite","@id":"https:\/\/juliettepotin.com\/#website","url":"https:\/\/juliettepotin.com\/","name":"Expat coach","description":"The start of a new YOU","publisher":{"@id":"https:\/\/juliettepotin.com\/#\/schema\/person\/ce6521de52bc72045131c9ea6e7dea42"},"potentialAction":[{"@type":"SearchAction","target":{"@type":"EntryPoint","urlTemplate":"https:\/\/juliettepotin.com\/?s={search_term_string}"},"query-input":{"@type":"PropertyValueSpecification","valueRequired":true,"valueName":"search_term_string"}}],"inLanguage":"fr-FR"},{"@type":["Person","Organization"],"@id":"https:\/\/juliettepotin.com\/#\/schema\/person\/ce6521de52bc72045131c9ea6e7dea42","name":"Juliette Potin","image":{"@type":"ImageObject","inLanguage":"fr-FR","@id":"https:\/\/juliettepotin.com\/wp-content\/uploads\/2023\/01\/22006D7C-5B64-4226-B2A7-B43CE0FB4C0F_1_201_a-970x1024.png","url":"https:\/\/juliettepotin.com\/wp-content\/uploads\/2023\/01\/22006D7C-5B64-4226-B2A7-B43CE0FB4C0F_1_201_a-970x1024.png","contentUrl":"https:\/\/juliettepotin.com\/wp-content\/uploads\/2023\/01\/22006D7C-5B64-4226-B2A7-B43CE0FB4C0F_1_201_a-970x1024.png","width":970,"height":1024,"caption":"Juliette Potin"},"logo":{"@id":"https:\/\/juliettepotin.com\/wp-content\/uploads\/2023\/01\/22006D7C-5B64-4226-B2A7-B43CE0FB4C0F_1_201_a-970x1024.png"},"description":"Je suis Juliette Potin, coach professionnelle depuis 2018. J'ai v\u00e9cu plusieurs ann\u00e9es \u00e0 l'\u00e9tranger,notamment aux Etats-Unis o\u00f9 je me retrouve \u00e0 la maison apr\u00e8s 15 ans de postes \u00e0 responsabilit\u00e9 dans l'industrie. L'exp\u00e9rience de ne plus pouvoir me d\u00e9finir par mon statut social est d\u00e9stabilisante, celle d'avoir du temps devant moi : vertigineuse! Petit \u00e0 petit, en me reconnectant \u00e0 moi-m\u00eame et \u00e0 mes aspirations, je me suis autoris\u00e9e \u00e0 me r\u00e9-inventer. Aujourd'hui de retour en France, j'accompagne les personnes qui ont un temps mis leur carri\u00e8re entre parenth\u00e8ses, \u00e0 reprendre confiance, r\u00e9v\u00e9ler leurs talents et suivre leurs \u00e9lans pour (re)trouver une activit\u00e9 pro align\u00e9e avec qui elles sont.","sameAs":["https:\/\/www.facebook.com\/PotinJulietteCoach\/","https:\/\/www.linkedin.com\/in\/juliette-potin-expat-coach\/"]}]}},"_links":{"self":[{"href":"https:\/\/juliettepotin.com\/index.php\/wp-json\/wp\/v2\/posts\/2311","targetHints":{"allow":["GET"]}}],"collection":[{"href":"https:\/\/juliettepotin.com\/index.php\/wp-json\/wp\/v2\/posts"}],"about":[{"href":"https:\/\/juliettepotin.com\/index.php\/wp-json\/wp\/v2\/types\/post"}],"author":[{"embeddable":true,"href":"https:\/\/juliettepotin.com\/index.php\/wp-json\/wp\/v2\/users\/1"}],"replies":[{"embeddable":true,"href":"https:\/\/juliettepotin.com\/index.php\/wp-json\/wp\/v2\/comments?post=2311"}],"version-history":[{"count":1,"href":"https:\/\/juliettepotin.com\/index.php\/wp-json\/wp\/v2\/posts\/2311\/revisions"}],"predecessor-version":[{"id":4141,"href":"https:\/\/juliettepotin.com\/index.php\/wp-json\/wp\/v2\/posts\/2311\/revisions\/4141"}],"wp:featuredmedia":[{"embeddable":true,"href":"https:\/\/juliettepotin.com\/index.php\/wp-json\/wp\/v2\/media\/2312"}],"wp:attachment":[{"href":"https:\/\/juliettepotin.com\/index.php\/wp-json\/wp\/v2\/media?parent=2311"}],"wp:term":[{"taxonomy":"category","embeddable":true,"href":"https:\/\/juliettepotin.com\/index.php\/wp-json\/wp\/v2\/categories?post=2311"},{"taxonomy":"post_tag","embeddable":true,"href":"https:\/\/juliettepotin.com\/index.php\/wp-json\/wp\/v2\/tags?post=2311"}],"curies":[{"name":"wp","href":"https:\/\/api.w.org\/{rel}","templated":true}]}}