{"id":1829,"date":"2019-07-18T12:00:15","date_gmt":"2019-07-18T10:00:15","guid":{"rendered":"https:\/\/juliettepotin.com\/?p=1829"},"modified":"2026-04-11T15:31:08","modified_gmt":"2026-04-11T13:31:08","slug":"vacances-en-france-le-decalage-emotionnel","status":"publish","type":"post","link":"https:\/\/juliettepotin.com\/index.php\/2019\/07\/18\/vacances-en-france-le-decalage-emotionnel\/","title":{"rendered":"Vacances en France\u00a0: le d\u00e9calage \u00e9motionnel"},"content":{"rendered":"\n<p>Si vous voyagez, vous connaissez le d\u00e9calage horaire.&nbsp;Si vous \u00eates expat, vous connaissez le d\u00e9calage \u00e9motionnel&nbsp;!<\/p>\n\n\n\n<!--more-->\n\n\n\n<p>Qu\u2019est-ce que j\u2019\u00e9tais heureuse d\u2019\u00eatre de passage en France pour l\u2019\u00e9t\u00e9\u00a0! Retrouver la famille, faire le tour des amis, raconter ma nouvelle vie\u00a0! C\u2019\u00e9tait sans compter sur le d\u00e9calage \u00e9motionnel\u2026<\/p>\n<p>J\u2019avais cal\u00e9 une semaine de vacances avec une amie de longue date et j\u2019avais h\u00e2te de la retrouver. On n\u2019avait \u00e9chang\u00e9 ensemble qu\u2019un mail ou deux depuis mon d\u00e9part un an auparavant. J\u2019avais tellement de choses \u00e0 lui raconter\u00a0!<\/p>\n<p>Mon enthousiasme a \u00e9t\u00e9 rapidement frein\u00e9. Mon amie n\u2019avait aucune envie de passer ses vacances \u00e0 \u00e9couter mes r\u00e9cits dithyrambiques sur la positivit\u00e9 des am\u00e9ricains ou nos multiples voyages&#8230;<\/p>\n<h4>Premier d\u00e9calage \u00e9motionnel&#8230;<\/h4>\n<p>Je me rendais bien compte que non seulement mes \u00e9motions positives d\u00e9notaient dans la morosit\u00e9 ambiante mais leur intensit\u00e9 pouvait mettre mal \u00e0 l\u2019aise des personnes habitu\u00e9es \u00e0 plus de mesure.<\/p>\n<p>Je m\u2019\u00e9panchais alors sur ma condition de femme expat \u00e0 la maison. La perte d\u2019un statut social, le sentiment d\u2019inutilit\u00e9, les questions existentielles et les diverses recherches pour <a href=\"https:\/\/juliettepotin.com\/index.php\/faites-de-votre-experience-a-letranger-le-tournant-de-votre-vie\/trouver-sa-voie\/\">trouver ma voie<\/a>.<\/p>\n<p>L\u00e0, le sujet accrochait plus, mais franchement, qui \u00e9tais-je pour me plaindre? Deuxi\u00e8me d\u00e9calage \u00e9motionnel. Pourtant, je ne me plaignais pas, je partageais juste mon v\u00e9cu\u2026<\/p>\n<p>Au bout de quelques jours, je dus me rendre \u00e0 l\u2019\u00e9vidence, ma vie \u00e9tait sans doute devenue trop diff\u00e9rente de celle de mon amie pour avoir des choses \u00e0 partager.<\/p>\n<p>Alors bien s\u00fbr, on passait de tr\u00e8s bons moments tous ensemble avec ses filles mais j\u2019aspirais \u00e0 des conversations de fond, \u00e0 des \u00e9changes en c\u0153ur \u00e0 c\u0153ur.<\/p>\n<p>Lorsque je l\u2019interrogeais, je posais les questions qui m\u2019int\u00e9ressaient moi\u00a0: Quels sont tes projets, O\u00f9 est-ce que tu te vois dans 5 ans, Qu\u2019est ce qui te fait vibrer dans ton m\u00e9tier actuel\u00a0? Est-ce que tu vis la vie de tes r\u00eaves\u00a0? Si tu changeais quelque chose, ce serait quoi\u00a0?<\/p>\n<p>Apparemment, je me posais trop de questions. Et si j\u2019avais du temps pour me les poser, tant mieux. Elle, du temps, elle n\u2019en avait pas, ou si justement, elle en avait un peu l\u00e0 mais elle aurait bien voulu le passer tranquille. Alors si je pouvais arr\u00eater de la saouler avec mes questions\u00a0bizarres ! Troisi\u00e8me d\u00e9calage \u00e9motionnel. La richesse de ce que j\u2019avais v\u00e9cu \u00e0 l\u2019\u00e9tranger faisait que je ne pouvais plus rester en surface dans mes \u00e9changes avec autrui, en particulier avec une amie proche.<\/p>\n<h4>Le dernier soir, une amie commune est pass\u00e9e nous voir.<\/h4>\n<p>C\u2019est avec elle que j\u2019ai eu les conversations les plus int\u00e9ressantes. Avec elle que j\u2019ai pu partager mon exp\u00e9rience et exprimer ce sentiment de d\u00e9calage. Elle avait \u00e9t\u00e9 expat aussi\u2026<\/p>\n<p>L\u2019expatriation nous ouvre \u00e0 une telle palette d\u2019\u00e9motions qu\u2019il est tr\u00e8s fr\u00e9quent de se sentir en d\u00e9calage avec nos proches rest\u00e9s au pays.<\/p>\n<p>Pas toujours \u00e9vident d\u2019accepter que le rapport change, de faire le deuil d\u2019un lien qui n\u2019est plus le m\u00eame. Plut\u00f4t que de dramatiser ou culpabiliser, on peut juste accepter que la relation soit diff\u00e9rente pour le moment. Rien de d\u00e9finitif. La relation a chang\u00e9 parce qu\u2019on a chang\u00e9. L\u2019autre chemine aussi, on se retrouvera peut-\u00eatre plus tard. En attendant, on peut choisir de voir toutes les autres personnes autour avec qui on se sentait auparavant en d\u00e9calage. Peut-\u00eatre qu\u2019on est aujourd\u2019hui sur la m\u00eame longueur d\u2019ondes\u00a0?<\/p>\n<p>Et vous\u00a0? Vous sentez-vous aussi en d\u00e9calage \u00e9motionnel quand vous rentrez en France\u00a0?<\/p>\n","protected":false},"excerpt":{"rendered":"<p>Si vous voyagez, vous connaissez le d\u00e9calage horaire.&nbsp;Si vous \u00eates expat, vous connaissez le d\u00e9calage \u00e9motionnel&nbsp;!<\/p>\n","protected":false},"author":1,"featured_media":1832,"comment_status":"open","ping_status":"open","sticky":false,"template":"","format":"standard","meta":{"_exactmetrics_skip_tracking":false,"_exactmetrics_sitenote_active":false,"_exactmetrics_sitenote_note":"","_exactmetrics_sitenote_category":0,"footnotes":""},"categories":[196],"tags":[143,65,144,145],"class_list":["post-1829","post","type-post","status-publish","format-standard","has-post-thumbnail","hentry","category-relationnel","tag-decalage-emotionnel","tag-retour-dexpat","tag-retour-en-france","tag-vacances-expat"],"yoast_head":"<!-- This site is optimized with the Yoast SEO plugin v27.4 - https:\/\/yoast.com\/product\/yoast-seo-wordpress\/ -->\n<title>Vacances en France\u00a0: le d\u00e9calage \u00e9motionnel - Expat coach<\/title>\n<meta name=\"description\" content=\"Si vous voyagez, vous connaissez le d\u00e9calage horaire.\u00a0Si vous \u00eates expat, vous connaissez sans doute le d\u00e9calage \u00e9motionnel\u00a0!\" \/>\n<meta name=\"robots\" content=\"index, follow, max-snippet:-1, max-image-preview:large, max-video-preview:-1\" \/>\n<link rel=\"canonical\" href=\"https:\/\/juliettepotin.com\/index.php\/2019\/07\/18\/vacances-en-france-le-decalage-emotionnel\/\" \/>\n<meta property=\"og:locale\" content=\"fr_FR\" \/>\n<meta property=\"og:type\" content=\"article\" \/>\n<meta property=\"og:title\" content=\"Vacances en France\u00a0: le d\u00e9calage \u00e9motionnel - Expat coach\" \/>\n<meta property=\"og:description\" content=\"Si vous voyagez, vous connaissez le d\u00e9calage horaire.\u00a0Si vous \u00eates expat, vous connaissez sans doute le d\u00e9calage \u00e9motionnel\u00a0!\" \/>\n<meta property=\"og:url\" content=\"https:\/\/juliettepotin.com\/index.php\/2019\/07\/18\/vacances-en-france-le-decalage-emotionnel\/\" \/>\n<meta property=\"og:site_name\" content=\"Expat coach\" \/>\n<meta property=\"article:publisher\" content=\"https:\/\/www.facebook.com\/PotinJulietteCoach\/\" \/>\n<meta property=\"article:author\" content=\"https:\/\/www.facebook.com\/PotinJulietteCoach\/\" \/>\n<meta property=\"article:published_time\" content=\"2019-07-18T10:00:15+00:00\" \/>\n<meta property=\"article:modified_time\" content=\"2026-04-11T13:31:08+00:00\" \/>\n<meta property=\"og:image\" content=\"https:\/\/juliettepotin.com\/wp-content\/uploads\/2019\/07\/d\u00e9calage-\u00e9motionnel.jpg\" \/>\n\t<meta property=\"og:image:width\" content=\"1280\" \/>\n\t<meta property=\"og:image:height\" content=\"682\" \/>\n\t<meta property=\"og:image:type\" content=\"image\/jpeg\" \/>\n<meta name=\"author\" content=\"Juliette Potin\" \/>\n<meta name=\"twitter:card\" content=\"summary_large_image\" \/>\n<meta name=\"twitter:label1\" content=\"\u00c9crit par\" \/>\n\t<meta name=\"twitter:data1\" content=\"Juliette Potin\" \/>\n\t<meta name=\"twitter:label2\" content=\"Dur\u00e9e de lecture estim\u00e9e\" \/>\n\t<meta name=\"twitter:data2\" content=\"4 minutes\" \/>\n<script type=\"application\/ld+json\" class=\"yoast-schema-graph\">{\"@context\":\"https:\\\/\\\/schema.org\",\"@graph\":[{\"@type\":\"Article\",\"@id\":\"https:\\\/\\\/juliettepotin.com\\\/index.php\\\/2019\\\/07\\\/18\\\/vacances-en-france-le-decalage-emotionnel\\\/#article\",\"isPartOf\":{\"@id\":\"https:\\\/\\\/juliettepotin.com\\\/index.php\\\/2019\\\/07\\\/18\\\/vacances-en-france-le-decalage-emotionnel\\\/\"},\"author\":{\"name\":\"Juliette Potin\",\"@id\":\"https:\\\/\\\/juliettepotin.com\\\/#\\\/schema\\\/person\\\/ce6521de52bc72045131c9ea6e7dea42\"},\"headline\":\"Vacances en France\u00a0: le d\u00e9calage \u00e9motionnel\",\"datePublished\":\"2019-07-18T10:00:15+00:00\",\"dateModified\":\"2026-04-11T13:31:08+00:00\",\"mainEntityOfPage\":{\"@id\":\"https:\\\/\\\/juliettepotin.com\\\/index.php\\\/2019\\\/07\\\/18\\\/vacances-en-france-le-decalage-emotionnel\\\/\"},\"wordCount\":638,\"commentCount\":0,\"publisher\":{\"@id\":\"https:\\\/\\\/juliettepotin.com\\\/#\\\/schema\\\/person\\\/ce6521de52bc72045131c9ea6e7dea42\"},\"image\":{\"@id\":\"https:\\\/\\\/juliettepotin.com\\\/index.php\\\/2019\\\/07\\\/18\\\/vacances-en-france-le-decalage-emotionnel\\\/#primaryimage\"},\"thumbnailUrl\":\"https:\\\/\\\/juliettepotin.com\\\/wp-content\\\/uploads\\\/2019\\\/07\\\/d\u00e9calage-\u00e9motionnel.jpg\",\"keywords\":[\"d\u00e9calage \u00e9motionnel\",\"retour d'expat\",\"retour en france\",\"vacances expat\"],\"articleSection\":[\"Relationnel\"],\"inLanguage\":\"fr-FR\",\"potentialAction\":[{\"@type\":\"CommentAction\",\"name\":\"Comment\",\"target\":[\"https:\\\/\\\/juliettepotin.com\\\/index.php\\\/2019\\\/07\\\/18\\\/vacances-en-france-le-decalage-emotionnel\\\/#respond\"]}]},{\"@type\":\"WebPage\",\"@id\":\"https:\\\/\\\/juliettepotin.com\\\/index.php\\\/2019\\\/07\\\/18\\\/vacances-en-france-le-decalage-emotionnel\\\/\",\"url\":\"https:\\\/\\\/juliettepotin.com\\\/index.php\\\/2019\\\/07\\\/18\\\/vacances-en-france-le-decalage-emotionnel\\\/\",\"name\":\"Vacances en France\u00a0: le d\u00e9calage \u00e9motionnel - Expat coach\",\"isPartOf\":{\"@id\":\"https:\\\/\\\/juliettepotin.com\\\/#website\"},\"primaryImageOfPage\":{\"@id\":\"https:\\\/\\\/juliettepotin.com\\\/index.php\\\/2019\\\/07\\\/18\\\/vacances-en-france-le-decalage-emotionnel\\\/#primaryimage\"},\"image\":{\"@id\":\"https:\\\/\\\/juliettepotin.com\\\/index.php\\\/2019\\\/07\\\/18\\\/vacances-en-france-le-decalage-emotionnel\\\/#primaryimage\"},\"thumbnailUrl\":\"https:\\\/\\\/juliettepotin.com\\\/wp-content\\\/uploads\\\/2019\\\/07\\\/d\u00e9calage-\u00e9motionnel.jpg\",\"datePublished\":\"2019-07-18T10:00:15+00:00\",\"dateModified\":\"2026-04-11T13:31:08+00:00\",\"description\":\"Si vous voyagez, vous connaissez le d\u00e9calage horaire.\u00a0Si vous \u00eates expat, vous connaissez sans doute le d\u00e9calage \u00e9motionnel\u00a0!\",\"breadcrumb\":{\"@id\":\"https:\\\/\\\/juliettepotin.com\\\/index.php\\\/2019\\\/07\\\/18\\\/vacances-en-france-le-decalage-emotionnel\\\/#breadcrumb\"},\"inLanguage\":\"fr-FR\",\"potentialAction\":[{\"@type\":\"ReadAction\",\"target\":[\"https:\\\/\\\/juliettepotin.com\\\/index.php\\\/2019\\\/07\\\/18\\\/vacances-en-france-le-decalage-emotionnel\\\/\"]}]},{\"@type\":\"ImageObject\",\"inLanguage\":\"fr-FR\",\"@id\":\"https:\\\/\\\/juliettepotin.com\\\/index.php\\\/2019\\\/07\\\/18\\\/vacances-en-france-le-decalage-emotionnel\\\/#primaryimage\",\"url\":\"https:\\\/\\\/juliettepotin.com\\\/wp-content\\\/uploads\\\/2019\\\/07\\\/d\u00e9calage-\u00e9motionnel.jpg\",\"contentUrl\":\"https:\\\/\\\/juliettepotin.com\\\/wp-content\\\/uploads\\\/2019\\\/07\\\/d\u00e9calage-\u00e9motionnel.jpg\",\"width\":1280,\"height\":682,\"caption\":\"d\u00e9calage \u00e9motionnel\"},{\"@type\":\"BreadcrumbList\",\"@id\":\"https:\\\/\\\/juliettepotin.com\\\/index.php\\\/2019\\\/07\\\/18\\\/vacances-en-france-le-decalage-emotionnel\\\/#breadcrumb\",\"itemListElement\":[{\"@type\":\"ListItem\",\"position\":1,\"name\":\"Home\",\"item\":\"https:\\\/\\\/juliettepotin.com\\\/\"},{\"@type\":\"ListItem\",\"position\":2,\"name\":\"Vacances en France\u00a0: le d\u00e9calage \u00e9motionnel\"}]},{\"@type\":\"WebSite\",\"@id\":\"https:\\\/\\\/juliettepotin.com\\\/#website\",\"url\":\"https:\\\/\\\/juliettepotin.com\\\/\",\"name\":\"Expat coach\",\"description\":\"The start of a new YOU\",\"publisher\":{\"@id\":\"https:\\\/\\\/juliettepotin.com\\\/#\\\/schema\\\/person\\\/ce6521de52bc72045131c9ea6e7dea42\"},\"potentialAction\":[{\"@type\":\"SearchAction\",\"target\":{\"@type\":\"EntryPoint\",\"urlTemplate\":\"https:\\\/\\\/juliettepotin.com\\\/?s={search_term_string}\"},\"query-input\":{\"@type\":\"PropertyValueSpecification\",\"valueRequired\":true,\"valueName\":\"search_term_string\"}}],\"inLanguage\":\"fr-FR\"},{\"@type\":[\"Person\",\"Organization\"],\"@id\":\"https:\\\/\\\/juliettepotin.com\\\/#\\\/schema\\\/person\\\/ce6521de52bc72045131c9ea6e7dea42\",\"name\":\"Juliette Potin\",\"image\":{\"@type\":\"ImageObject\",\"inLanguage\":\"fr-FR\",\"@id\":\"https:\\\/\\\/juliettepotin.com\\\/wp-content\\\/uploads\\\/2023\\\/01\\\/22006D7C-5B64-4226-B2A7-B43CE0FB4C0F_1_201_a-970x1024.png\",\"url\":\"https:\\\/\\\/juliettepotin.com\\\/wp-content\\\/uploads\\\/2023\\\/01\\\/22006D7C-5B64-4226-B2A7-B43CE0FB4C0F_1_201_a-970x1024.png\",\"contentUrl\":\"https:\\\/\\\/juliettepotin.com\\\/wp-content\\\/uploads\\\/2023\\\/01\\\/22006D7C-5B64-4226-B2A7-B43CE0FB4C0F_1_201_a-970x1024.png\",\"width\":970,\"height\":1024,\"caption\":\"Juliette Potin\"},\"logo\":{\"@id\":\"https:\\\/\\\/juliettepotin.com\\\/wp-content\\\/uploads\\\/2023\\\/01\\\/22006D7C-5B64-4226-B2A7-B43CE0FB4C0F_1_201_a-970x1024.png\"},\"description\":\"Je suis Juliette Potin, coach professionnelle depuis 2018. J'ai v\u00e9cu plusieurs ann\u00e9es \u00e0 l'\u00e9tranger,notamment aux Etats-Unis o\u00f9 je me retrouve \u00e0 la maison apr\u00e8s 15 ans de postes \u00e0 responsabilit\u00e9 dans l'industrie. L'exp\u00e9rience de ne plus pouvoir me d\u00e9finir par mon statut social est d\u00e9stabilisante, celle d'avoir du temps devant moi : vertigineuse! Petit \u00e0 petit, en me reconnectant \u00e0 moi-m\u00eame et \u00e0 mes aspirations, je me suis autoris\u00e9e \u00e0 me r\u00e9-inventer. Aujourd'hui de retour en France, j'accompagne les personnes qui ont un temps mis leur carri\u00e8re entre parenth\u00e8ses, \u00e0 reprendre confiance, r\u00e9v\u00e9ler leurs talents et suivre leurs \u00e9lans pour (re)trouver une activit\u00e9 pro align\u00e9e avec qui elles sont.\",\"sameAs\":[\"https:\\\/\\\/www.facebook.com\\\/PotinJulietteCoach\\\/\",\"https:\\\/\\\/www.linkedin.com\\\/in\\\/juliette-potin-expat-coach\\\/\"]}]}<\/script>\n<!-- \/ Yoast SEO plugin. -->","yoast_head_json":{"title":"Vacances en France\u00a0: le d\u00e9calage \u00e9motionnel - Expat coach","description":"Si vous voyagez, vous connaissez le d\u00e9calage horaire.\u00a0Si vous \u00eates expat, vous connaissez sans doute le d\u00e9calage \u00e9motionnel\u00a0!","robots":{"index":"index","follow":"follow","max-snippet":"max-snippet:-1","max-image-preview":"max-image-preview:large","max-video-preview":"max-video-preview:-1"},"canonical":"https:\/\/juliettepotin.com\/index.php\/2019\/07\/18\/vacances-en-france-le-decalage-emotionnel\/","og_locale":"fr_FR","og_type":"article","og_title":"Vacances en France\u00a0: le d\u00e9calage \u00e9motionnel - Expat coach","og_description":"Si vous voyagez, vous connaissez le d\u00e9calage horaire.\u00a0Si vous \u00eates expat, vous connaissez sans doute le d\u00e9calage \u00e9motionnel\u00a0!","og_url":"https:\/\/juliettepotin.com\/index.php\/2019\/07\/18\/vacances-en-france-le-decalage-emotionnel\/","og_site_name":"Expat coach","article_publisher":"https:\/\/www.facebook.com\/PotinJulietteCoach\/","article_author":"https:\/\/www.facebook.com\/PotinJulietteCoach\/","article_published_time":"2019-07-18T10:00:15+00:00","article_modified_time":"2026-04-11T13:31:08+00:00","og_image":[{"width":1280,"height":682,"url":"https:\/\/juliettepotin.com\/wp-content\/uploads\/2019\/07\/d\u00e9calage-\u00e9motionnel.jpg","type":"image\/jpeg"}],"author":"Juliette Potin","twitter_card":"summary_large_image","twitter_misc":{"\u00c9crit par":"Juliette Potin","Dur\u00e9e de lecture estim\u00e9e":"4 minutes"},"schema":{"@context":"https:\/\/schema.org","@graph":[{"@type":"Article","@id":"https:\/\/juliettepotin.com\/index.php\/2019\/07\/18\/vacances-en-france-le-decalage-emotionnel\/#article","isPartOf":{"@id":"https:\/\/juliettepotin.com\/index.php\/2019\/07\/18\/vacances-en-france-le-decalage-emotionnel\/"},"author":{"name":"Juliette Potin","@id":"https:\/\/juliettepotin.com\/#\/schema\/person\/ce6521de52bc72045131c9ea6e7dea42"},"headline":"Vacances en France\u00a0: le d\u00e9calage \u00e9motionnel","datePublished":"2019-07-18T10:00:15+00:00","dateModified":"2026-04-11T13:31:08+00:00","mainEntityOfPage":{"@id":"https:\/\/juliettepotin.com\/index.php\/2019\/07\/18\/vacances-en-france-le-decalage-emotionnel\/"},"wordCount":638,"commentCount":0,"publisher":{"@id":"https:\/\/juliettepotin.com\/#\/schema\/person\/ce6521de52bc72045131c9ea6e7dea42"},"image":{"@id":"https:\/\/juliettepotin.com\/index.php\/2019\/07\/18\/vacances-en-france-le-decalage-emotionnel\/#primaryimage"},"thumbnailUrl":"https:\/\/juliettepotin.com\/wp-content\/uploads\/2019\/07\/d\u00e9calage-\u00e9motionnel.jpg","keywords":["d\u00e9calage \u00e9motionnel","retour d'expat","retour en france","vacances expat"],"articleSection":["Relationnel"],"inLanguage":"fr-FR","potentialAction":[{"@type":"CommentAction","name":"Comment","target":["https:\/\/juliettepotin.com\/index.php\/2019\/07\/18\/vacances-en-france-le-decalage-emotionnel\/#respond"]}]},{"@type":"WebPage","@id":"https:\/\/juliettepotin.com\/index.php\/2019\/07\/18\/vacances-en-france-le-decalage-emotionnel\/","url":"https:\/\/juliettepotin.com\/index.php\/2019\/07\/18\/vacances-en-france-le-decalage-emotionnel\/","name":"Vacances en France\u00a0: le d\u00e9calage \u00e9motionnel - Expat coach","isPartOf":{"@id":"https:\/\/juliettepotin.com\/#website"},"primaryImageOfPage":{"@id":"https:\/\/juliettepotin.com\/index.php\/2019\/07\/18\/vacances-en-france-le-decalage-emotionnel\/#primaryimage"},"image":{"@id":"https:\/\/juliettepotin.com\/index.php\/2019\/07\/18\/vacances-en-france-le-decalage-emotionnel\/#primaryimage"},"thumbnailUrl":"https:\/\/juliettepotin.com\/wp-content\/uploads\/2019\/07\/d\u00e9calage-\u00e9motionnel.jpg","datePublished":"2019-07-18T10:00:15+00:00","dateModified":"2026-04-11T13:31:08+00:00","description":"Si vous voyagez, vous connaissez le d\u00e9calage horaire.\u00a0Si vous \u00eates expat, vous connaissez sans doute le d\u00e9calage \u00e9motionnel\u00a0!","breadcrumb":{"@id":"https:\/\/juliettepotin.com\/index.php\/2019\/07\/18\/vacances-en-france-le-decalage-emotionnel\/#breadcrumb"},"inLanguage":"fr-FR","potentialAction":[{"@type":"ReadAction","target":["https:\/\/juliettepotin.com\/index.php\/2019\/07\/18\/vacances-en-france-le-decalage-emotionnel\/"]}]},{"@type":"ImageObject","inLanguage":"fr-FR","@id":"https:\/\/juliettepotin.com\/index.php\/2019\/07\/18\/vacances-en-france-le-decalage-emotionnel\/#primaryimage","url":"https:\/\/juliettepotin.com\/wp-content\/uploads\/2019\/07\/d\u00e9calage-\u00e9motionnel.jpg","contentUrl":"https:\/\/juliettepotin.com\/wp-content\/uploads\/2019\/07\/d\u00e9calage-\u00e9motionnel.jpg","width":1280,"height":682,"caption":"d\u00e9calage \u00e9motionnel"},{"@type":"BreadcrumbList","@id":"https:\/\/juliettepotin.com\/index.php\/2019\/07\/18\/vacances-en-france-le-decalage-emotionnel\/#breadcrumb","itemListElement":[{"@type":"ListItem","position":1,"name":"Home","item":"https:\/\/juliettepotin.com\/"},{"@type":"ListItem","position":2,"name":"Vacances en France\u00a0: le d\u00e9calage \u00e9motionnel"}]},{"@type":"WebSite","@id":"https:\/\/juliettepotin.com\/#website","url":"https:\/\/juliettepotin.com\/","name":"Expat coach","description":"The start of a new YOU","publisher":{"@id":"https:\/\/juliettepotin.com\/#\/schema\/person\/ce6521de52bc72045131c9ea6e7dea42"},"potentialAction":[{"@type":"SearchAction","target":{"@type":"EntryPoint","urlTemplate":"https:\/\/juliettepotin.com\/?s={search_term_string}"},"query-input":{"@type":"PropertyValueSpecification","valueRequired":true,"valueName":"search_term_string"}}],"inLanguage":"fr-FR"},{"@type":["Person","Organization"],"@id":"https:\/\/juliettepotin.com\/#\/schema\/person\/ce6521de52bc72045131c9ea6e7dea42","name":"Juliette Potin","image":{"@type":"ImageObject","inLanguage":"fr-FR","@id":"https:\/\/juliettepotin.com\/wp-content\/uploads\/2023\/01\/22006D7C-5B64-4226-B2A7-B43CE0FB4C0F_1_201_a-970x1024.png","url":"https:\/\/juliettepotin.com\/wp-content\/uploads\/2023\/01\/22006D7C-5B64-4226-B2A7-B43CE0FB4C0F_1_201_a-970x1024.png","contentUrl":"https:\/\/juliettepotin.com\/wp-content\/uploads\/2023\/01\/22006D7C-5B64-4226-B2A7-B43CE0FB4C0F_1_201_a-970x1024.png","width":970,"height":1024,"caption":"Juliette Potin"},"logo":{"@id":"https:\/\/juliettepotin.com\/wp-content\/uploads\/2023\/01\/22006D7C-5B64-4226-B2A7-B43CE0FB4C0F_1_201_a-970x1024.png"},"description":"Je suis Juliette Potin, coach professionnelle depuis 2018. J'ai v\u00e9cu plusieurs ann\u00e9es \u00e0 l'\u00e9tranger,notamment aux Etats-Unis o\u00f9 je me retrouve \u00e0 la maison apr\u00e8s 15 ans de postes \u00e0 responsabilit\u00e9 dans l'industrie. L'exp\u00e9rience de ne plus pouvoir me d\u00e9finir par mon statut social est d\u00e9stabilisante, celle d'avoir du temps devant moi : vertigineuse! Petit \u00e0 petit, en me reconnectant \u00e0 moi-m\u00eame et \u00e0 mes aspirations, je me suis autoris\u00e9e \u00e0 me r\u00e9-inventer. Aujourd'hui de retour en France, j'accompagne les personnes qui ont un temps mis leur carri\u00e8re entre parenth\u00e8ses, \u00e0 reprendre confiance, r\u00e9v\u00e9ler leurs talents et suivre leurs \u00e9lans pour (re)trouver une activit\u00e9 pro align\u00e9e avec qui elles sont.","sameAs":["https:\/\/www.facebook.com\/PotinJulietteCoach\/","https:\/\/www.linkedin.com\/in\/juliette-potin-expat-coach\/"]}]}},"_links":{"self":[{"href":"https:\/\/juliettepotin.com\/index.php\/wp-json\/wp\/v2\/posts\/1829","targetHints":{"allow":["GET"]}}],"collection":[{"href":"https:\/\/juliettepotin.com\/index.php\/wp-json\/wp\/v2\/posts"}],"about":[{"href":"https:\/\/juliettepotin.com\/index.php\/wp-json\/wp\/v2\/types\/post"}],"author":[{"embeddable":true,"href":"https:\/\/juliettepotin.com\/index.php\/wp-json\/wp\/v2\/users\/1"}],"replies":[{"embeddable":true,"href":"https:\/\/juliettepotin.com\/index.php\/wp-json\/wp\/v2\/comments?post=1829"}],"version-history":[{"count":1,"href":"https:\/\/juliettepotin.com\/index.php\/wp-json\/wp\/v2\/posts\/1829\/revisions"}],"predecessor-version":[{"id":4366,"href":"https:\/\/juliettepotin.com\/index.php\/wp-json\/wp\/v2\/posts\/1829\/revisions\/4366"}],"wp:featuredmedia":[{"embeddable":true,"href":"https:\/\/juliettepotin.com\/index.php\/wp-json\/wp\/v2\/media\/1832"}],"wp:attachment":[{"href":"https:\/\/juliettepotin.com\/index.php\/wp-json\/wp\/v2\/media?parent=1829"}],"wp:term":[{"taxonomy":"category","embeddable":true,"href":"https:\/\/juliettepotin.com\/index.php\/wp-json\/wp\/v2\/categories?post=1829"},{"taxonomy":"post_tag","embeddable":true,"href":"https:\/\/juliettepotin.com\/index.php\/wp-json\/wp\/v2\/tags?post=1829"}],"curies":[{"name":"wp","href":"https:\/\/api.w.org\/{rel}","templated":true}]}}