{"id":1028,"date":"2020-07-16T10:05:00","date_gmt":"2020-07-16T08:05:00","guid":{"rendered":"https:\/\/juliettepotin.com\/?p=1028"},"modified":"2023-06-22T09:59:35","modified_gmt":"2023-06-22T07:59:35","slug":"interview-destelle-tracy-des-cles-pour-trouver-sa-voie","status":"publish","type":"post","link":"https:\/\/juliettepotin.com\/index.php\/2020\/07\/16\/interview-destelle-tracy-des-cles-pour-trouver-sa-voie\/","title":{"rendered":"Ecouter et s&rsquo;\u00e9couter pour trouver sa voie"},"content":{"rendered":"\n<p><span style=\"font-family: verdana, geneva, sans-serif; font-size: 14pt;\">Estelle Tracy&nbsp;est l\u2019auteure du guide de survie alimentaire aux Etats-Unis. Elle vit pr\u00e8s de Philadelphie. Je la suivais depuis un petit moment sur son blog et les r\u00e9seaux sociaux et \u00e9tais tomb\u00e9e sur une vid\u00e9o o\u00f9 elle partageait, suite \u00e0 son v\u00e9cu, des pistes pour trouver sa vocation. Dans l&rsquo;interview qu&rsquo;elle m&rsquo;a accord\u00e9e, Estelle insiste sur l&rsquo;importance d&rsquo;\u00e9couter et de s&rsquo;\u00e9couter pour trouver sa voie.<\/span><\/p>\n\n\n\n<!--more-->\n\n\n\n<p><span style=\"font-family: verdana, geneva, sans-serif; font-size: 14pt;\">Estelle \u00e9voque tout d&rsquo;abord <strong>le d\u00e9clic&nbsp;<\/strong>: ce moment dans lequel on peut tous se reconna\u00eetre lorsqu\u2019on cherche notre voie. Ce jour o\u00f9 elle \u00ab&nbsp;n\u2019a plus eu l\u2019\u00e9nergie de faire semblant&nbsp;\u00bb, o\u00f9 elle ne pouvait plus se mentir \u00e0 elle-m\u00eame. Ce point de non-retour o\u00f9 elle ne savait pas encore ce qu\u2019elle allait faire mais savait ce qu\u2019elle ne voulait plus.<\/span><\/p>\n\n\n\n<p><span style=\"font-family: verdana, geneva, sans-serif; font-size: 14pt;\">Et puis Estelle explique cette \u00e9coute particuli\u00e8re de soi et des autres \u00e0 laquelle s&rsquo;atteler pour trouver sa voie:<\/span>  <\/p>\n\n\n\n<h4 class=\"wp-block-heading\"><span style=\"font-family: verdana, geneva, sans-serif; font-size: 14pt;\">S&rsquo;\u00e9couter en pr\u00eatant attention \u00e0 comment on se sent physiquement<\/span><\/h4>\n\n\n\n<p><span style=\"font-family: verdana, geneva, sans-serif; font-size: 14pt;\">Ecouter ce qui veut \u00e9merger \u00e0 l\u2019int\u00e9rieur de nous&nbsp;: \u00ab&nbsp;Ce guide alimentaire avait besoin de sortir de moi, dit-elle. Je devais le faire&nbsp;!&nbsp;Et lorsqu\u2019il est sorti en version pdf, j\u2019ai senti que je n\u2019\u00e9tais pas encore \u00ab&nbsp;tranquille&nbsp;\u00bb, qu\u2019il fallait que j\u2019en fasse la promotion, que j\u2019en parle&nbsp;!&nbsp;\u00bb<\/span><\/p>\n\n\n\n<p><span style=\"font-family: verdana, geneva, sans-serif; font-size: 14pt;\"><em>Et vous, qu\u2019est ce qui est \u00e0 l\u2019int\u00e9rieur de vous et ne vous laissera pas en paix tant que vous ne l\u2019aurez pas \u00e9cout\u00e9&nbsp;?<\/em><\/span><\/p>\n\n\n\n<h4 class=\"wp-block-heading\"><span style=\"font-family: verdana, geneva, sans-serif; font-size: 14pt;\">Ecouter les autres en appliquant la r\u00e8gle des 3<\/span><\/h4>\n\n\n\n<p><span style=\"font-family: verdana, geneva, sans-serif; font-size: 14pt;\"> \u00ab&nbsp;Lorsque 2 personnes me posent la m\u00eame question ou me font la m\u00eame suggestion, je tends l\u2019oreille ; \u00e0 la 3<sup>e&nbsp;<\/sup>demande identique, je passe \u00e0 l\u2019action&nbsp;!&nbsp;\u00bb Explique Estelle. C\u2019est ce qui s\u2019est pass\u00e9 avec le fameux guide alimentaire: 2 personnes lui ont demand\u00e9 une version papier lorsqu\u2019il n\u2019existait alors qu\u2019en pdf. Quand une 3<sup>e&nbsp;<\/sup>personne lui a fait la m\u00eame demande, elle s\u2019est lanc\u00e9e.&nbsp;Elle en est aujourd\u2019hui \u00e0 son 3\u00e8me tirage.<\/span><\/p>\n\n\n\n<p><span style=\"font-family: verdana, geneva, sans-serif; font-size: 14pt;\"><em>Et vous, quelle demande avez-vous entendu plusieurs fois et que vous pourriez consid\u00e9rer&nbsp;?<\/em><\/span><\/p>\n\n\n\n<h4 class=\"wp-block-heading\"><span style=\"font-family: verdana, geneva, sans-serif; font-size: 14pt;\">Ecouter aussi ses frustrations<\/span><\/h4>\n\n\n\n<p><span style=\"font-family: verdana, geneva, sans-serif; font-size: 14pt;\">C&rsquo;est \u00e0 dire ce qui nous met en col\u00e8re ou nous agace. Il y a l\u00e0 une route \u00e0 suivre. Peut-\u00eatre une envie de r\u00e9tablir une v\u00e9rit\u00e9, un cadre ou plus de justice. Transformer cette \u00e9motion d\u00e9sagr\u00e9able en action est un tr\u00e8s bon d\u00e9but pour trouver sa voie. C\u2019est parce qu\u2019elle ne comprenait pas comment une plaquette de chocolat pouvait \u00eatre si ch\u00e8re qu\u2019Estelle a eu l\u2019id\u00e9e de go\u00fbter 37 tablettes pour son 37<sup>e<\/sup>anniversaire et d\u2019en faire la critique de d\u00e9gustation dans <a href=\"https:\/\/37chocolates.com\/2016\/01\/24\/the-37-chocolates-recap\/\">37 vid\u00e9os<\/a>. A la 8<sup>e&nbsp;<\/sup>plaquette, elle s\u2019est d\u00e9couvert une nouvelle passion. Elle est aujourd&rsquo;hui sommeli\u00e8re en chocolat.<\/span><\/p>\n\n\n\n<p><span style=\"font-family: verdana, geneva, sans-serif; font-size: 14pt;\"><em>Et vous, qu\u2019est-ce qui vous met en col\u00e8re, que trouvez-vous injuste&nbsp;ou anormal&nbsp;? Et quelle action aimeriez-vous mettre en place pour comprendre, corriger ou am\u00e9liorer cela&nbsp;? <\/em><\/span><\/p>\n\n\n\n<h4 class=\"wp-block-heading\"><span style=\"font-family: verdana, geneva, sans-serif; font-size: 14pt;\">Etre attentif aux compliments.&nbsp;<\/span><\/h4>\n\n\n\n<p><span style=\"font-family: verdana, geneva, sans-serif; font-size: 14pt;\">Lorsque les personnes trouvent que ce que vous fa\u00eetes sort de l\u2019ordinaire alors que <strong>pour vous c\u2019est juste naturel, <\/strong>c\u2019est une voie \u00e0 explorer. \u00ab&nbsp;Le ton que j\u2019avais dans mes 37 vid\u00e9os \u00e9tait manifestement diff\u00e9rent de ce qui se faisait aux Etats-Unis pour d\u00e9crire du chocolat \u00bb me dit Estelle. \u00ab&nbsp;Pour moi, \u00e7a me semblait tout \u00e0 fait normal.&nbsp;\u00bb J\u2019ai compris qu\u2019il y avait peut-\u00eatre quelque chose \u00e0 faire avec \u00e7a.<\/span><\/p>\n\n\n\n<p><span style=\"font-family: verdana, geneva, sans-serif; font-size: 14pt;\"><em>Et vous, rappelez-vous de la derni\u00e8re fois qu\u2019on vous a dit que vous aviez une aptitude remarquable qui vous semblait totalement anodine. Et si vous y pr\u00eatiez attention&nbsp;?<\/em><\/span><\/p>\n\n\n\n<p><span style=\"font-family: verdana, geneva, sans-serif; font-size: 14pt;\">Ecouter oui mais pas les inqui\u00e9tudes de ses proches ! Estelle conclut en nous invitant de ne pas accorder trop d\u2019importance \u00e0 ce que pense notre famille proche, surtout s\u2019ils s\u2019inqui\u00e8tent pour nous. Et de d\u00e9livrer dans un dernier conseil&nbsp;: \u00ab&nbsp;si vous faites peur \u00e0 votre m\u00e8re, c\u2019est le signe que vous \u00eates sur la bonne voie&nbsp;!&nbsp;\u00bb<\/span><\/p>\n\n\n\n<p><span style=\"font-family: verdana, geneva, sans-serif; font-size: 14pt;\">Visionnez ici l<a href=\"https:\/\/www.youtube.com\/watch?v=6eb_17i3GJ0\">\u2019interview compl\u00e8te d\u2019Estelle<\/a><\/span><\/p>\n\n\n\n<p><span style=\"font-family: verdana, geneva, sans-serif; font-size: 14pt;\">Pour vous procurer le guide de survie alimentaire aux Etats-Unis&nbsp;: <a href=\"https:\/\/gumroad.com\/l\/ZiAk\">https:\/\/gumroad.com\/l\/ZiAk&nbsp;<\/a><\/span><\/p>\n\n\n\n<p><span style=\"font-family: verdana, geneva, sans-serif; font-size: 14pt;\">Et pour aller plus loin: <\/span><\/p>\n\n\n\n<ul class=\"wp-block-list\">\n<li><span style=\"font-family: verdana, geneva, sans-serif; font-size: 14pt;\">D\u00e9marrez votre introspection en t\u00e9l\u00e9chargeant mon e-book gratuit <a href=\"https:\/\/juliettepotin.com\/index.php\/5-questions-pour-trouver-sa-voie\/\">\u00ab\u00a05 questions essentielles pour trouver sa voie quand on est expat\u00a0\u00bb&nbsp;<\/a><\/span><\/li>\n\n\n\n<li><span style=\"font-family: verdana, geneva, sans-serif; font-size: 14pt;\">Rejoignez notre groupe Facebook priv\u00e9 <a href=\"https:\/\/www.facebook.com\/groups\/253385872026631\/\">Expat au f\u00e9minin<\/a><\/span><\/li>\n<\/ul>\n\n\n\n<p>PS\u00a0: Besoin d\u2019un coup de pouce pour vous \u00e9couter et trouver votre voie ? Contactez-moi pour <a href=\"https:\/\/juliettepotin.com\/index.php\/faites-de-votre-experience-a-letranger-le-tournant-de-votre-vie\/seance-gratuite-dexploration\/\" target=\"_blank\" rel=\"noopener\" data-cke-saved-href=\"https:\/\/juliettepotin.com\/index.php\/faites-de-votre-experience-a-letranger-le-tournant-de-votre-vie\/seance-gratuite-dexploration\/\">une s\u00e9ance gratuite d\u2019exploration.<\/a><\/p>\n","protected":false},"excerpt":{"rendered":"<p>Estelle Tracy&nbsp;est l\u2019auteure du guide de survie alimentaire aux Etats-Unis. Elle vit pr\u00e8s de Philadelphie. Je la suivais depuis un petit moment sur son blog et les r\u00e9seaux sociaux et [&hellip;]<\/p>\n","protected":false},"author":1,"featured_media":2463,"comment_status":"open","ping_status":"open","sticky":false,"template":"","format":"standard","meta":{"_exactmetrics_skip_tracking":false,"_exactmetrics_sitenote_active":false,"_exactmetrics_sitenote_note":"","_exactmetrics_sitenote_category":0,"footnotes":"","tve_updated_post":"<div class=\"thrv_wrapper tve_wp_shortcode\"><div class=\"tve_shortcode_raw\" style=\"display: none\">___TVE_SHORTCODE_RAW__&lt;p&gt;&lt;span style=\"font-family: verdana, geneva, sans-serif; font-size: 14pt;\"&gt;&lt;strong&gt;Estelle Tracy&nbsp;&lt;\/strong&gt;est l\u2019auteure du guide de survie alimentaire aux Etats-Unis. (1) Elle vit pr\u00e8s de Philadelphie depuis 2002. Je la suivais depuis un petit moment sur son blog et les r\u00e9seaux sociaux et \u00e9tais tomb\u00e9e sur une vid\u00e9o o\u00f9 elle partageait, suite \u00e0 son v\u00e9cu, des pistes pour trouver sa voie. (2) Ses conseils \u00e9taient tr\u00e8s pertinents et j\u2019ai voulu en savoir plus&nbsp;!&lt;\/span&gt;&lt;!--more--&gt;&lt;\/p&gt;\n&lt;p&gt;&lt;span style=\"font-family: verdana, geneva, sans-serif; font-size: 14pt;\"&gt;Dans l\u2019interview qu\u2019elle m\u2019a accord\u00e9e, Estelle Tracy me parle &lt;strong&gt;du d\u00e9clic&nbsp;&lt;\/strong&gt;: ce moment dans lequel on peut tous se reconna\u00eetre lorsqu\u2019on cherche notre voie. Ce jour o\u00f9 elle \u00ab&nbsp;n\u2019a plus eu l\u2019\u00e9nergie de faire semblant&nbsp;\u00bb, o\u00f9 elle ne pouvait plus se mentir \u00e0 elle-m\u00eame. Ce point de non-retour o\u00f9 elle ne savait pas encore ce qu\u2019elle allait faire mais savait ce qu\u2019elle ne voulait plus.&lt;\/span&gt;&lt;\/p&gt;\n&lt;p&gt;&lt;span style=\"font-family: verdana, geneva, sans-serif; font-size: 14pt;\"&gt;A travers la belle histoire de son guide et des aventures qui ont suivi, Estelle nous transmet de nouvelles cl\u00e9s qui l\u2019ont aid\u00e9e \u00e0 trouver sa voie&nbsp;:&lt;\/span&gt;&lt;\/p&gt;\n&lt;ul&gt;\n&lt;li&gt;&lt;span style=\"font-family: verdana, geneva, sans-serif; font-size: 14pt;\"&gt;&lt;strong&gt;Pr\u00eater attention \u00e0 comment on se sent, physiquement&lt;\/strong&gt;, \u00e0 ce qui veut \u00e9merger \u00e0 l\u2019int\u00e9rieur de nous&nbsp;: \u00ab&nbsp;Ce guide alimentaire avait besoin de sortir de moi, dit-elle. Je devais le faire&nbsp;!&nbsp;Et lorsqu\u2019il est sorti en version pdf, j\u2019ai senti que je n\u2019\u00e9tais pas encore \u00ab&nbsp;tranquille&nbsp;\u00bb, qu\u2019il fallait que j\u2019en fasse la promotion, que j\u2019en parle&nbsp;!&nbsp;\u00bb&lt;\/span&gt;&lt;\/li&gt;\n&lt;\/ul&gt;\n&lt;p&gt;&lt;span style=\"font-family: verdana, geneva, sans-serif; font-size: 14pt;\"&gt;&lt;em&gt;Et vous, qu\u2019est ce qui est \u00e0 l\u2019int\u00e9rieur de vous et ne vous laissera pas en paix tant que vous ne l\u2019aurez pas \u00e9cout\u00e9&nbsp;?&lt;\/em&gt;&lt;\/span&gt;&lt;\/p&gt;\n&lt;ul&gt;\n&lt;li&gt;&lt;span style=\"font-family: verdana, geneva, sans-serif; font-size: 14pt;\"&gt;&lt;strong&gt;Appliquer la r\u00e8gle des 3&lt;\/strong&gt;: \u00ab&nbsp;Lorsque 2 personnes me posent la m\u00eame question ou me font la m\u00eame suggestion, je tends l\u2019oreille ; \u00e0 la 3&lt;sup&gt;e&nbsp;&lt;\/sup&gt;demande identique, je passe \u00e0 l\u2019action&nbsp;!&nbsp;\u00bb Explique Estelle. C\u2019est ce qui s\u2019est pass\u00e9 avec le fameux guide alimentaire: 2 personnes lui ont demand\u00e9 une version papier lorsqu\u2019il n\u2019existait alors qu\u2019en pdf. Quand une 3&lt;sup&gt;e&nbsp;&lt;\/sup&gt;personne lui a fait la m\u00eame demande, elle s\u2019est lanc\u00e9e.&nbsp;Elle en est aujourd\u2019hui \u00e0 son 3\u00e8me tirage.&lt;\/span&gt;&lt;\/li&gt;\n&lt;\/ul&gt;\n&lt;p&gt;&lt;span style=\"font-family: verdana, geneva, sans-serif; font-size: 14pt;\"&gt;&lt;em&gt;Et vous, quelle demande avez-vous entendu plusieurs fois et que vous pourriez consid\u00e9rer&nbsp;?&lt;\/em&gt;&lt;\/span&gt;&lt;\/p&gt;\n&lt;ul&gt;\n&lt;li&gt;&lt;span style=\"font-family: verdana, geneva, sans-serif; font-size: 14pt;\"&gt;&lt;strong&gt;L\u2019\u00e9coute de ses frustrations, &lt;\/strong&gt;de ce qui nous met en col\u00e8re ou nous agace. Il y a l\u00e0 une route \u00e0 suivre. Peut-\u00eatre une envie de r\u00e9tablir une v\u00e9rit\u00e9, un cadre ou plus de justice. Transformer cette \u00e9motion d\u00e9sagr\u00e9able en action est un tr\u00e8s bon d\u00e9but pour trouver sa voie. C\u2019est parce qu\u2019elle ne comprenait pas comment une plaquette de chocolat pouvait \u00eatre si ch\u00e8re qu\u2019Estelle a eu l\u2019id\u00e9e de go\u00fbter 37 tablettes pour son 37&lt;sup&gt;e&lt;\/sup&gt;anniversaire et d\u2019en faire la critique de d\u00e9gustation dans 37 vid\u00e9os. (3) A la 8&lt;sup&gt;e&nbsp;&lt;\/sup&gt;plaquette, elle s\u2019est d\u00e9couvert une nouvelle passion. Elle est aujourd'hui free-lance experte en chocolat.&lt;\/span&gt;&lt;\/li&gt;\n&lt;\/ul&gt;\n&lt;p&gt;&lt;span style=\"font-family: verdana, geneva, sans-serif; font-size: 14pt;\"&gt;&lt;em&gt;Et vous, qu\u2019est-ce qui vous met en col\u00e8re, que trouvez-vous injuste&nbsp;ou anormal&nbsp;? Et quelle action aimeriez-vous mettre en place pour comprendre, corriger ou am\u00e9liorer cela&nbsp;? &lt;\/em&gt;&lt;\/span&gt;&lt;\/p&gt;\n&lt;ul&gt;\n&lt;li&gt;&lt;span style=\"font-family: verdana, geneva, sans-serif; font-size: 14pt;\"&gt;&lt;strong&gt;Etre attentif aux compliments.&nbsp;&lt;\/strong&gt;Lorsque les personnes trouvent que ce que vous fa\u00eetes sort de l\u2019ordinaire alors que &lt;strong&gt;pour vous c\u2019est juste naturel, &lt;\/strong&gt;c\u2019est une voie \u00e0 explorer. \u00ab&nbsp;Le ton que j\u2019avais dans mes 37 vid\u00e9os \u00e9tait manifestement diff\u00e9rent de ce qui se faisait aux Etats-Unis pour d\u00e9crire du chocolat \u00bb me dit Estelle. \u00ab&nbsp;Pour moi, \u00e7a me semblait tout \u00e0 fait normal.&nbsp;\u00bb J\u2019ai compris qu\u2019il y avait peut-\u00eatre quelque chose \u00e0 faire avec \u00e7a.&lt;\/span&gt;&lt;\/li&gt;\n&lt;\/ul&gt;\n&lt;p&gt;&lt;span style=\"font-family: verdana, geneva, sans-serif; font-size: 14pt;\"&gt;&lt;em&gt;Et vous, rappelez-vous de la derni\u00e8re fois qu\u2019on vous a dit que vous aviez une aptitude remarquable qui vous semblait totalement anodine. Et si vous y pr\u00eatiez attention&nbsp;?&lt;\/em&gt;&lt;\/span&gt;&lt;\/p&gt;\n&lt;p&gt;&lt;span style=\"font-family: verdana, geneva, sans-serif; font-size: 14pt;\"&gt;Estelle conclut en nous invitant de ne pas accorder trop d\u2019importance \u00e0 ce que pense notre famille proche, surtout s\u2019ils s\u2019inqui\u00e8tent pour nous. Et de d\u00e9livrer dans un dernier conseil&nbsp;: \u00ab&nbsp;si vous faites peur \u00e0 votre m\u00e8re, c\u2019est le signe que vous \u00eates sur la bonne voie&nbsp;!&nbsp;\u00bb&lt;\/span&gt;&lt;\/p&gt;\n&lt;p&gt;&lt;span style=\"font-family: verdana, geneva, sans-serif; font-size: 14pt;\"&gt;Pour visionner l&lt;a href=\"https:\/\/www.youtube.com\/watch?v=6eb_17i3GJ0\"&gt;\u2019interview d\u2019Estelle&lt;\/a&gt;&lt;\/span&gt;&lt;\/p&gt;\n&lt;p&gt;&lt;span style=\"font-family: verdana, geneva, sans-serif; font-size: 14pt;\"&gt;T\u00e9l\u00e9chargez \u00e9galement mon e-book gratuit &lt;a href=\"https:\/\/juliettepotin.com\/index.php\/5-questions-pour-trouver-sa-voie\/\"&gt;\"5 questions essentielles pour trouver sa voie\"&nbsp;&lt;\/a&gt;&lt;\/span&gt;&lt;span style=\"font-family: verdana, geneva, sans-serif; font-size: 14pt;\"&gt;et rejoignez notre groupe Facebook priv\u00e9 &lt;a href=\"https:\/\/www.facebook.com\/groups\/253385872026631\/\"&gt;Expat au f\u00e9minin&lt;\/a&gt;&lt;\/span&gt;&lt;\/p&gt;\n&lt;p&gt;&lt;span style=\"font-family: verdana, geneva, sans-serif; font-size: 14pt;\"&gt;(1) Pour vous procurer le guide de survie alimentaire aux Etats-Unis&nbsp;: &lt;a href=\"https:\/\/gumroad.com\/l\/ZiAk\"&gt;https:\/\/gumroad.com\/l\/ZiAk&nbsp;&lt;\/a&gt;&lt;\/span&gt;&lt;br \/&gt;\n&lt;span style=\"font-family: verdana, geneva, sans-serif; font-size: 14pt;\"&gt;(2) &lt;a href=\"https:\/\/www.facebook.com\/hamburgercroissant\/videos\/10156167827918464\/\"&gt;https:\/\/www.facebook.com\/hamburgercroissant\/videos\/10156167827918464\/&lt;\/a&gt;&lt;\/span&gt;&lt;br \/&gt;\n&lt;span style=\"font-family: verdana, geneva, sans-serif; font-size: 14pt;\"&gt;(3) &lt;a href=\"https:\/\/37chocolates.com\/2016\/01\/24\/the-37-chocolates-recap\/\"&gt;https:\/\/37chocolates.com\/2016\/01\/24\/the-37-chocolates-recap\/&lt;\/a&gt;&lt;\/span&gt;&lt;\/p&gt;\n__TVE_SHORTCODE_RAW___<\/div><\/div>","tve_custom_css":"","tve_user_custom_css":"","tve_globals":{"e":"1","font_cls":[]},"tcb2_ready":1,"tcb_editor_enabled":0,"tve_landing_page":"","_tve_header":"","_tve_footer":""},"categories":[63],"tags":[39,65,66],"class_list":["post-1028","post","type-post","status-publish","format-standard","has-post-thumbnail","hentry","category-trouver-ma-voie","tag-expatriation","tag-retour-dexpat","tag-trouver-sa-voie"],"yoast_head":"<!-- This site is optimized with the Yoast SEO plugin v27.5 - https:\/\/yoast.com\/product\/yoast-seo-wordpress\/ -->\n<title>Ecouter et s&#039;\u00e9couter pour trouver sa voie - Expat coach<\/title>\n<meta name=\"description\" content=\"Estelle Tracy, dans l&#039;interview qu&#039;elle m&#039;a accord\u00e9e, m&#039;a rappel\u00e9 l&#039;importance d&#039;\u00e9couter et de s&#039;\u00e9couter pour trouver sa voie.\" \/>\n<meta name=\"robots\" content=\"index, follow, max-snippet:-1, max-image-preview:large, max-video-preview:-1\" \/>\n<link rel=\"canonical\" href=\"https:\/\/juliettepotin.com\/index.php\/2020\/07\/16\/interview-destelle-tracy-des-cles-pour-trouver-sa-voie\/\" \/>\n<meta property=\"og:locale\" content=\"fr_FR\" \/>\n<meta property=\"og:type\" content=\"article\" \/>\n<meta property=\"og:title\" content=\"Ecouter et s&#039;\u00e9couter pour trouver sa voie - Expat coach\" \/>\n<meta property=\"og:description\" content=\"Estelle Tracy, dans l&#039;interview qu&#039;elle m&#039;a accord\u00e9e, m&#039;a rappel\u00e9 l&#039;importance d&#039;\u00e9couter et de s&#039;\u00e9couter pour trouver sa voie.\" \/>\n<meta property=\"og:url\" content=\"https:\/\/juliettepotin.com\/index.php\/2020\/07\/16\/interview-destelle-tracy-des-cles-pour-trouver-sa-voie\/\" \/>\n<meta property=\"og:site_name\" content=\"Expat coach\" \/>\n<meta property=\"article:publisher\" content=\"https:\/\/www.facebook.com\/PotinJulietteCoach\/\" \/>\n<meta property=\"article:author\" content=\"https:\/\/www.facebook.com\/PotinJulietteCoach\/\" \/>\n<meta property=\"article:published_time\" content=\"2020-07-16T08:05:00+00:00\" \/>\n<meta property=\"article:modified_time\" content=\"2023-06-22T07:59:35+00:00\" \/>\n<meta property=\"og:image\" content=\"https:\/\/juliettepotin.com\/wp-content\/uploads\/2018\/10\/chocolat.jpg\" \/>\n\t<meta property=\"og:image:width\" content=\"640\" \/>\n\t<meta property=\"og:image:height\" content=\"426\" \/>\n\t<meta property=\"og:image:type\" content=\"image\/jpeg\" \/>\n<meta name=\"author\" content=\"Juliette Potin\" \/>\n<meta name=\"twitter:card\" content=\"summary_large_image\" \/>\n<meta name=\"twitter:label1\" content=\"\u00c9crit par\" \/>\n\t<meta name=\"twitter:data1\" content=\"Juliette Potin\" \/>\n\t<meta name=\"twitter:label2\" content=\"Dur\u00e9e de lecture estim\u00e9e\" \/>\n\t<meta name=\"twitter:data2\" content=\"4 minutes\" \/>\n<script type=\"application\/ld+json\" class=\"yoast-schema-graph\">{\"@context\":\"https:\\\/\\\/schema.org\",\"@graph\":[{\"@type\":\"Article\",\"@id\":\"https:\\\/\\\/juliettepotin.com\\\/index.php\\\/2020\\\/07\\\/16\\\/interview-destelle-tracy-des-cles-pour-trouver-sa-voie\\\/#article\",\"isPartOf\":{\"@id\":\"https:\\\/\\\/juliettepotin.com\\\/index.php\\\/2020\\\/07\\\/16\\\/interview-destelle-tracy-des-cles-pour-trouver-sa-voie\\\/\"},\"author\":{\"name\":\"Juliette Potin\",\"@id\":\"https:\\\/\\\/juliettepotin.com\\\/#\\\/schema\\\/person\\\/ce6521de52bc72045131c9ea6e7dea42\"},\"headline\":\"Ecouter et s&rsquo;\u00e9couter pour trouver sa voie\",\"datePublished\":\"2020-07-16T08:05:00+00:00\",\"dateModified\":\"2023-06-22T07:59:35+00:00\",\"mainEntityOfPage\":{\"@id\":\"https:\\\/\\\/juliettepotin.com\\\/index.php\\\/2020\\\/07\\\/16\\\/interview-destelle-tracy-des-cles-pour-trouver-sa-voie\\\/\"},\"wordCount\":812,\"commentCount\":0,\"publisher\":{\"@id\":\"https:\\\/\\\/juliettepotin.com\\\/#\\\/schema\\\/person\\\/ce6521de52bc72045131c9ea6e7dea42\"},\"image\":{\"@id\":\"https:\\\/\\\/juliettepotin.com\\\/index.php\\\/2020\\\/07\\\/16\\\/interview-destelle-tracy-des-cles-pour-trouver-sa-voie\\\/#primaryimage\"},\"thumbnailUrl\":\"https:\\\/\\\/juliettepotin.com\\\/wp-content\\\/uploads\\\/2018\\\/10\\\/chocolat.jpg\",\"keywords\":[\"expatriation\",\"retour d'expat\",\"trouver sa voie\"],\"articleSection\":[\"Trouver ma voie\"],\"inLanguage\":\"fr-FR\",\"potentialAction\":[{\"@type\":\"CommentAction\",\"name\":\"Comment\",\"target\":[\"https:\\\/\\\/juliettepotin.com\\\/index.php\\\/2020\\\/07\\\/16\\\/interview-destelle-tracy-des-cles-pour-trouver-sa-voie\\\/#respond\"]}]},{\"@type\":\"WebPage\",\"@id\":\"https:\\\/\\\/juliettepotin.com\\\/index.php\\\/2020\\\/07\\\/16\\\/interview-destelle-tracy-des-cles-pour-trouver-sa-voie\\\/\",\"url\":\"https:\\\/\\\/juliettepotin.com\\\/index.php\\\/2020\\\/07\\\/16\\\/interview-destelle-tracy-des-cles-pour-trouver-sa-voie\\\/\",\"name\":\"Ecouter et s'\u00e9couter pour trouver sa voie - Expat coach\",\"isPartOf\":{\"@id\":\"https:\\\/\\\/juliettepotin.com\\\/#website\"},\"primaryImageOfPage\":{\"@id\":\"https:\\\/\\\/juliettepotin.com\\\/index.php\\\/2020\\\/07\\\/16\\\/interview-destelle-tracy-des-cles-pour-trouver-sa-voie\\\/#primaryimage\"},\"image\":{\"@id\":\"https:\\\/\\\/juliettepotin.com\\\/index.php\\\/2020\\\/07\\\/16\\\/interview-destelle-tracy-des-cles-pour-trouver-sa-voie\\\/#primaryimage\"},\"thumbnailUrl\":\"https:\\\/\\\/juliettepotin.com\\\/wp-content\\\/uploads\\\/2018\\\/10\\\/chocolat.jpg\",\"datePublished\":\"2020-07-16T08:05:00+00:00\",\"dateModified\":\"2023-06-22T07:59:35+00:00\",\"description\":\"Estelle Tracy, dans l'interview qu'elle m'a accord\u00e9e, m'a rappel\u00e9 l'importance d'\u00e9couter et de s'\u00e9couter pour trouver sa voie.\",\"breadcrumb\":{\"@id\":\"https:\\\/\\\/juliettepotin.com\\\/index.php\\\/2020\\\/07\\\/16\\\/interview-destelle-tracy-des-cles-pour-trouver-sa-voie\\\/#breadcrumb\"},\"inLanguage\":\"fr-FR\",\"potentialAction\":[{\"@type\":\"ReadAction\",\"target\":[\"https:\\\/\\\/juliettepotin.com\\\/index.php\\\/2020\\\/07\\\/16\\\/interview-destelle-tracy-des-cles-pour-trouver-sa-voie\\\/\"]}]},{\"@type\":\"ImageObject\",\"inLanguage\":\"fr-FR\",\"@id\":\"https:\\\/\\\/juliettepotin.com\\\/index.php\\\/2020\\\/07\\\/16\\\/interview-destelle-tracy-des-cles-pour-trouver-sa-voie\\\/#primaryimage\",\"url\":\"https:\\\/\\\/juliettepotin.com\\\/wp-content\\\/uploads\\\/2018\\\/10\\\/chocolat.jpg\",\"contentUrl\":\"https:\\\/\\\/juliettepotin.com\\\/wp-content\\\/uploads\\\/2018\\\/10\\\/chocolat.jpg\",\"width\":640,\"height\":426,\"caption\":\"s'\u00e9couter\"},{\"@type\":\"BreadcrumbList\",\"@id\":\"https:\\\/\\\/juliettepotin.com\\\/index.php\\\/2020\\\/07\\\/16\\\/interview-destelle-tracy-des-cles-pour-trouver-sa-voie\\\/#breadcrumb\",\"itemListElement\":[{\"@type\":\"ListItem\",\"position\":1,\"name\":\"Home\",\"item\":\"https:\\\/\\\/juliettepotin.com\\\/\"},{\"@type\":\"ListItem\",\"position\":2,\"name\":\"Ecouter et s&rsquo;\u00e9couter pour trouver sa voie\"}]},{\"@type\":\"WebSite\",\"@id\":\"https:\\\/\\\/juliettepotin.com\\\/#website\",\"url\":\"https:\\\/\\\/juliettepotin.com\\\/\",\"name\":\"Expat coach\",\"description\":\"The start of a new YOU\",\"publisher\":{\"@id\":\"https:\\\/\\\/juliettepotin.com\\\/#\\\/schema\\\/person\\\/ce6521de52bc72045131c9ea6e7dea42\"},\"potentialAction\":[{\"@type\":\"SearchAction\",\"target\":{\"@type\":\"EntryPoint\",\"urlTemplate\":\"https:\\\/\\\/juliettepotin.com\\\/?s={search_term_string}\"},\"query-input\":{\"@type\":\"PropertyValueSpecification\",\"valueRequired\":true,\"valueName\":\"search_term_string\"}}],\"inLanguage\":\"fr-FR\"},{\"@type\":[\"Person\",\"Organization\"],\"@id\":\"https:\\\/\\\/juliettepotin.com\\\/#\\\/schema\\\/person\\\/ce6521de52bc72045131c9ea6e7dea42\",\"name\":\"Juliette Potin\",\"image\":{\"@type\":\"ImageObject\",\"inLanguage\":\"fr-FR\",\"@id\":\"https:\\\/\\\/juliettepotin.com\\\/wp-content\\\/uploads\\\/2023\\\/01\\\/22006D7C-5B64-4226-B2A7-B43CE0FB4C0F_1_201_a-970x1024.png\",\"url\":\"https:\\\/\\\/juliettepotin.com\\\/wp-content\\\/uploads\\\/2023\\\/01\\\/22006D7C-5B64-4226-B2A7-B43CE0FB4C0F_1_201_a-970x1024.png\",\"contentUrl\":\"https:\\\/\\\/juliettepotin.com\\\/wp-content\\\/uploads\\\/2023\\\/01\\\/22006D7C-5B64-4226-B2A7-B43CE0FB4C0F_1_201_a-970x1024.png\",\"width\":970,\"height\":1024,\"caption\":\"Juliette Potin\"},\"logo\":{\"@id\":\"https:\\\/\\\/juliettepotin.com\\\/wp-content\\\/uploads\\\/2023\\\/01\\\/22006D7C-5B64-4226-B2A7-B43CE0FB4C0F_1_201_a-970x1024.png\"},\"description\":\"Je suis Juliette Potin, coach professionnelle depuis 2018. J'ai v\u00e9cu plusieurs ann\u00e9es \u00e0 l'\u00e9tranger,notamment aux Etats-Unis o\u00f9 je me retrouve \u00e0 la maison apr\u00e8s 15 ans de postes \u00e0 responsabilit\u00e9 dans l'industrie. L'exp\u00e9rience de ne plus pouvoir me d\u00e9finir par mon statut social est d\u00e9stabilisante, celle d'avoir du temps devant moi : vertigineuse! Petit \u00e0 petit, en me reconnectant \u00e0 moi-m\u00eame et \u00e0 mes aspirations, je me suis autoris\u00e9e \u00e0 me r\u00e9-inventer. Aujourd'hui de retour en France, j'accompagne les personnes qui ont un temps mis leur carri\u00e8re entre parenth\u00e8ses, \u00e0 reprendre confiance, r\u00e9v\u00e9ler leurs talents et suivre leurs \u00e9lans pour (re)trouver une activit\u00e9 pro align\u00e9e avec qui elles sont.\",\"sameAs\":[\"https:\\\/\\\/www.facebook.com\\\/PotinJulietteCoach\\\/\",\"https:\\\/\\\/www.linkedin.com\\\/in\\\/juliette-potin-expat-coach\\\/\"]}]}<\/script>\n<!-- \/ Yoast SEO plugin. -->","yoast_head_json":{"title":"Ecouter et s'\u00e9couter pour trouver sa voie - Expat coach","description":"Estelle Tracy, dans l'interview qu'elle m'a accord\u00e9e, m'a rappel\u00e9 l'importance d'\u00e9couter et de s'\u00e9couter pour trouver sa voie.","robots":{"index":"index","follow":"follow","max-snippet":"max-snippet:-1","max-image-preview":"max-image-preview:large","max-video-preview":"max-video-preview:-1"},"canonical":"https:\/\/juliettepotin.com\/index.php\/2020\/07\/16\/interview-destelle-tracy-des-cles-pour-trouver-sa-voie\/","og_locale":"fr_FR","og_type":"article","og_title":"Ecouter et s'\u00e9couter pour trouver sa voie - Expat coach","og_description":"Estelle Tracy, dans l'interview qu'elle m'a accord\u00e9e, m'a rappel\u00e9 l'importance d'\u00e9couter et de s'\u00e9couter pour trouver sa voie.","og_url":"https:\/\/juliettepotin.com\/index.php\/2020\/07\/16\/interview-destelle-tracy-des-cles-pour-trouver-sa-voie\/","og_site_name":"Expat coach","article_publisher":"https:\/\/www.facebook.com\/PotinJulietteCoach\/","article_author":"https:\/\/www.facebook.com\/PotinJulietteCoach\/","article_published_time":"2020-07-16T08:05:00+00:00","article_modified_time":"2023-06-22T07:59:35+00:00","og_image":[{"width":640,"height":426,"url":"https:\/\/juliettepotin.com\/wp-content\/uploads\/2018\/10\/chocolat.jpg","type":"image\/jpeg"}],"author":"Juliette Potin","twitter_card":"summary_large_image","twitter_misc":{"\u00c9crit par":"Juliette Potin","Dur\u00e9e de lecture estim\u00e9e":"4 minutes"},"schema":{"@context":"https:\/\/schema.org","@graph":[{"@type":"Article","@id":"https:\/\/juliettepotin.com\/index.php\/2020\/07\/16\/interview-destelle-tracy-des-cles-pour-trouver-sa-voie\/#article","isPartOf":{"@id":"https:\/\/juliettepotin.com\/index.php\/2020\/07\/16\/interview-destelle-tracy-des-cles-pour-trouver-sa-voie\/"},"author":{"name":"Juliette Potin","@id":"https:\/\/juliettepotin.com\/#\/schema\/person\/ce6521de52bc72045131c9ea6e7dea42"},"headline":"Ecouter et s&rsquo;\u00e9couter pour trouver sa voie","datePublished":"2020-07-16T08:05:00+00:00","dateModified":"2023-06-22T07:59:35+00:00","mainEntityOfPage":{"@id":"https:\/\/juliettepotin.com\/index.php\/2020\/07\/16\/interview-destelle-tracy-des-cles-pour-trouver-sa-voie\/"},"wordCount":812,"commentCount":0,"publisher":{"@id":"https:\/\/juliettepotin.com\/#\/schema\/person\/ce6521de52bc72045131c9ea6e7dea42"},"image":{"@id":"https:\/\/juliettepotin.com\/index.php\/2020\/07\/16\/interview-destelle-tracy-des-cles-pour-trouver-sa-voie\/#primaryimage"},"thumbnailUrl":"https:\/\/juliettepotin.com\/wp-content\/uploads\/2018\/10\/chocolat.jpg","keywords":["expatriation","retour d'expat","trouver sa voie"],"articleSection":["Trouver ma voie"],"inLanguage":"fr-FR","potentialAction":[{"@type":"CommentAction","name":"Comment","target":["https:\/\/juliettepotin.com\/index.php\/2020\/07\/16\/interview-destelle-tracy-des-cles-pour-trouver-sa-voie\/#respond"]}]},{"@type":"WebPage","@id":"https:\/\/juliettepotin.com\/index.php\/2020\/07\/16\/interview-destelle-tracy-des-cles-pour-trouver-sa-voie\/","url":"https:\/\/juliettepotin.com\/index.php\/2020\/07\/16\/interview-destelle-tracy-des-cles-pour-trouver-sa-voie\/","name":"Ecouter et s'\u00e9couter pour trouver sa voie - Expat coach","isPartOf":{"@id":"https:\/\/juliettepotin.com\/#website"},"primaryImageOfPage":{"@id":"https:\/\/juliettepotin.com\/index.php\/2020\/07\/16\/interview-destelle-tracy-des-cles-pour-trouver-sa-voie\/#primaryimage"},"image":{"@id":"https:\/\/juliettepotin.com\/index.php\/2020\/07\/16\/interview-destelle-tracy-des-cles-pour-trouver-sa-voie\/#primaryimage"},"thumbnailUrl":"https:\/\/juliettepotin.com\/wp-content\/uploads\/2018\/10\/chocolat.jpg","datePublished":"2020-07-16T08:05:00+00:00","dateModified":"2023-06-22T07:59:35+00:00","description":"Estelle Tracy, dans l'interview qu'elle m'a accord\u00e9e, m'a rappel\u00e9 l'importance d'\u00e9couter et de s'\u00e9couter pour trouver sa voie.","breadcrumb":{"@id":"https:\/\/juliettepotin.com\/index.php\/2020\/07\/16\/interview-destelle-tracy-des-cles-pour-trouver-sa-voie\/#breadcrumb"},"inLanguage":"fr-FR","potentialAction":[{"@type":"ReadAction","target":["https:\/\/juliettepotin.com\/index.php\/2020\/07\/16\/interview-destelle-tracy-des-cles-pour-trouver-sa-voie\/"]}]},{"@type":"ImageObject","inLanguage":"fr-FR","@id":"https:\/\/juliettepotin.com\/index.php\/2020\/07\/16\/interview-destelle-tracy-des-cles-pour-trouver-sa-voie\/#primaryimage","url":"https:\/\/juliettepotin.com\/wp-content\/uploads\/2018\/10\/chocolat.jpg","contentUrl":"https:\/\/juliettepotin.com\/wp-content\/uploads\/2018\/10\/chocolat.jpg","width":640,"height":426,"caption":"s'\u00e9couter"},{"@type":"BreadcrumbList","@id":"https:\/\/juliettepotin.com\/index.php\/2020\/07\/16\/interview-destelle-tracy-des-cles-pour-trouver-sa-voie\/#breadcrumb","itemListElement":[{"@type":"ListItem","position":1,"name":"Home","item":"https:\/\/juliettepotin.com\/"},{"@type":"ListItem","position":2,"name":"Ecouter et s&rsquo;\u00e9couter pour trouver sa voie"}]},{"@type":"WebSite","@id":"https:\/\/juliettepotin.com\/#website","url":"https:\/\/juliettepotin.com\/","name":"Expat coach","description":"The start of a new YOU","publisher":{"@id":"https:\/\/juliettepotin.com\/#\/schema\/person\/ce6521de52bc72045131c9ea6e7dea42"},"potentialAction":[{"@type":"SearchAction","target":{"@type":"EntryPoint","urlTemplate":"https:\/\/juliettepotin.com\/?s={search_term_string}"},"query-input":{"@type":"PropertyValueSpecification","valueRequired":true,"valueName":"search_term_string"}}],"inLanguage":"fr-FR"},{"@type":["Person","Organization"],"@id":"https:\/\/juliettepotin.com\/#\/schema\/person\/ce6521de52bc72045131c9ea6e7dea42","name":"Juliette Potin","image":{"@type":"ImageObject","inLanguage":"fr-FR","@id":"https:\/\/juliettepotin.com\/wp-content\/uploads\/2023\/01\/22006D7C-5B64-4226-B2A7-B43CE0FB4C0F_1_201_a-970x1024.png","url":"https:\/\/juliettepotin.com\/wp-content\/uploads\/2023\/01\/22006D7C-5B64-4226-B2A7-B43CE0FB4C0F_1_201_a-970x1024.png","contentUrl":"https:\/\/juliettepotin.com\/wp-content\/uploads\/2023\/01\/22006D7C-5B64-4226-B2A7-B43CE0FB4C0F_1_201_a-970x1024.png","width":970,"height":1024,"caption":"Juliette Potin"},"logo":{"@id":"https:\/\/juliettepotin.com\/wp-content\/uploads\/2023\/01\/22006D7C-5B64-4226-B2A7-B43CE0FB4C0F_1_201_a-970x1024.png"},"description":"Je suis Juliette Potin, coach professionnelle depuis 2018. J'ai v\u00e9cu plusieurs ann\u00e9es \u00e0 l'\u00e9tranger,notamment aux Etats-Unis o\u00f9 je me retrouve \u00e0 la maison apr\u00e8s 15 ans de postes \u00e0 responsabilit\u00e9 dans l'industrie. L'exp\u00e9rience de ne plus pouvoir me d\u00e9finir par mon statut social est d\u00e9stabilisante, celle d'avoir du temps devant moi : vertigineuse! Petit \u00e0 petit, en me reconnectant \u00e0 moi-m\u00eame et \u00e0 mes aspirations, je me suis autoris\u00e9e \u00e0 me r\u00e9-inventer. Aujourd'hui de retour en France, j'accompagne les personnes qui ont un temps mis leur carri\u00e8re entre parenth\u00e8ses, \u00e0 reprendre confiance, r\u00e9v\u00e9ler leurs talents et suivre leurs \u00e9lans pour (re)trouver une activit\u00e9 pro align\u00e9e avec qui elles sont.","sameAs":["https:\/\/www.facebook.com\/PotinJulietteCoach\/","https:\/\/www.linkedin.com\/in\/juliette-potin-expat-coach\/"]}]}},"_links":{"self":[{"href":"https:\/\/juliettepotin.com\/index.php\/wp-json\/wp\/v2\/posts\/1028","targetHints":{"allow":["GET"]}}],"collection":[{"href":"https:\/\/juliettepotin.com\/index.php\/wp-json\/wp\/v2\/posts"}],"about":[{"href":"https:\/\/juliettepotin.com\/index.php\/wp-json\/wp\/v2\/types\/post"}],"author":[{"embeddable":true,"href":"https:\/\/juliettepotin.com\/index.php\/wp-json\/wp\/v2\/users\/1"}],"replies":[{"embeddable":true,"href":"https:\/\/juliettepotin.com\/index.php\/wp-json\/wp\/v2\/comments?post=1028"}],"version-history":[{"count":0,"href":"https:\/\/juliettepotin.com\/index.php\/wp-json\/wp\/v2\/posts\/1028\/revisions"}],"wp:featuredmedia":[{"embeddable":true,"href":"https:\/\/juliettepotin.com\/index.php\/wp-json\/wp\/v2\/media\/2463"}],"wp:attachment":[{"href":"https:\/\/juliettepotin.com\/index.php\/wp-json\/wp\/v2\/media?parent=1028"}],"wp:term":[{"taxonomy":"category","embeddable":true,"href":"https:\/\/juliettepotin.com\/index.php\/wp-json\/wp\/v2\/categories?post=1028"},{"taxonomy":"post_tag","embeddable":true,"href":"https:\/\/juliettepotin.com\/index.php\/wp-json\/wp\/v2\/tags?post=1028"}],"curies":[{"name":"wp","href":"https:\/\/api.w.org\/{rel}","templated":true}]}}